{"id":36110,"date":"2022-12-30T11:13:00","date_gmt":"2022-12-30T14:13:00","guid":{"rendered":"https:\/\/www.radiopresidenteibanez.cl\/web\/?p=36110"},"modified":"2022-12-30T08:46:28","modified_gmt":"2022-12-30T11:46:28","slug":"mop-calibra-plazas-de-pesaje-para-proteger-infraestructura-vial-de-la-region","status":"publish","type":"post","link":"https:\/\/www.radiopresidenteibanez.cl\/web\/mop-calibra-plazas-de-pesaje-para-proteger-infraestructura-vial-de-la-region\/","title":{"rendered":"MOP calibra Plazas de Pesaje para proteger infraestructura vial de la Regi\u00f3n"},"content":{"rendered":"\n<p>En el mes de diciembre del presente a\u00f1o, la Direcci\u00f3n de Vialidad del Ministerio<br>de Obras P\u00fablicas (MOP) desarroll\u00f3 el proceso de calibraci\u00f3n de Plazas Fijas y<br>Puntos M\u00f3viles de Pesaje de veh\u00edculos de carga y pasajeros que circulan por<br>nuestras rutas.<br>Dicha calibraci\u00f3n, que se realiza semestralmente, tiene como objetivo<br>garantizar que los equipos que utiliza Vialidad para estos controles, cumplan<br>con los est\u00e1ndares establecidos por el Laboratorio Nacional de Pesaje.<br>Destac\u00f3 la Seremi de Obras P\u00fablicas, Dahi\u00e1n Oyarz\u00fan, que entre los beneficios<br>de esta fundamental labor para la seguridad de los usuarios y usuarias,<br>destacan el minimizar posibles accidentes en la ruta por sobrecarga de<br>veh\u00edculos y la prevenci\u00f3n del deterioro prematuro de los caminos y carreteras,<br>extendiendo de esta manera la vida \u00fatil de los pavimentos.<br>Para lograr mayor precisi\u00f3n, se complementaron los procedimientos de<br>calibraciones de las balanzas ubicadas en las plazas fijas de pesaje, con la<br>incorporaci\u00f3n de masas patronas mediante el uso de una gr\u00faa pluma que fue<br>incorporada en el cami\u00f3n calibrador por parte del Laboratorio Nacional de<br>Pesaje.<br>Ello trae como resultado una mayor precisi\u00f3n en el control del funcionamiento<br>de las balanzas, y complementa las etapas de calibraciones din\u00e1micas y<br>est\u00e1ticas que se realizan habitualmente, generando a\u00fan m\u00e1s confianza en el<br>desempe\u00f1o de los equipos de control.<br>El Jefe del Subdepartamento de Pesaje, Francisco Fern\u00e1ndez, indic\u00f3 que<br>actualmente la dotaci\u00f3n considera a diez funcionarios de la Direcci\u00f3n de<br>Vialidad, los cuales desarrollan sus labores tanto en las plazas fijas como en la<br>unidad m\u00f3vil de pesaje, consider\u00e1ndose un met\u00f3dico programa mensual de<br>actividades para desarrollar las funciones.<br>A su vez, indic\u00f3 que este procedimiento estandarizado de calibraci\u00f3n, se<br>realiza gracias al personal del Laboratorio Nacional de Pesaje, que se traslada<br>semestralmente durante el proceso de mantenimiento de las balanzas de<br>nuestra regi\u00f3n, \u201clo que nos permite poder entregar un servicio de<br>fiscalizaciones que garantiza el correcto funcionamiento de \u00e9stas, entregando<br>un servicio que se encuentra acreditado, permitiendo dar una mayor<br>confiabilidad de las labores de fiscalizaci\u00f3n, lo cual se traduce en beneficio para<br>el usuario, al se\u00f1alar que la correcta circulaci\u00f3n de los veh\u00edculos con los limites<br>establecido por el Decreto MOP N\u00b0 158, permite un beneficio para el cuidado<br>de los veh\u00edculos de transportes y pasajeros, lo cual va en beneficio de los<br>costos asociados a la operaci\u00f3n y mantenci\u00f3n de \u00e9stos\u201d.<\/p>\n","protected":false},"excerpt":{"rendered":"<p>En el mes de diciembre del presente a\u00f1o, la Direcci\u00f3n de Vialidad del Ministeriode Obras P\u00fablicas (MOP) desarroll\u00f3 el proceso de calibraci\u00f3n de Plazas Fijas yPuntos M\u00f3viles de Pesaje de&#8230; <a class=\"read-more\" href=\"https:\/\/www.radiopresidenteibanez.cl\/web\/mop-calibra-plazas-de-pesaje-para-proteger-infraestructura-vial-de-la-region\/\">Leer m\u00e1s<\/a><\/p>\n","protected":false},"author":2,"featured_media":36111,"comment_status":"closed","ping_status":"closed","sticky":false,"template":"","format":"standard","meta":{"footnotes":""},"categories":[1],"tags":[],"class_list":["post-36110","post","type-post","status-publish","format-standard","has-post-thumbnail","hentry","category-cronica"],"_links":{"self":[{"href":"https:\/\/www.radiopresidenteibanez.cl\/web\/wp-json\/wp\/v2\/posts\/36110","targetHints":{"allow":["GET"]}}],"collection":[{"href":"https:\/\/www.radiopresidenteibanez.cl\/web\/wp-json\/wp\/v2\/posts"}],"about":[{"href":"https:\/\/www.radiopresidenteibanez.cl\/web\/wp-json\/wp\/v2\/types\/post"}],"author":[{"embeddable":true,"href":"https:\/\/www.radiopresidenteibanez.cl\/web\/wp-json\/wp\/v2\/users\/2"}],"replies":[{"embeddable":true,"href":"https:\/\/www.radiopresidenteibanez.cl\/web\/wp-json\/wp\/v2\/comments?post=36110"}],"version-history":[{"count":0,"href":"https:\/\/www.radiopresidenteibanez.cl\/web\/wp-json\/wp\/v2\/posts\/36110\/revisions"}],"wp:featuredmedia":[{"embeddable":true,"href":"https:\/\/www.radiopresidenteibanez.cl\/web\/wp-json\/wp\/v2\/media\/36111"}],"wp:attachment":[{"href":"https:\/\/www.radiopresidenteibanez.cl\/web\/wp-json\/wp\/v2\/media?parent=36110"}],"wp:term":[{"taxonomy":"category","embeddable":true,"href":"https:\/\/www.radiopresidenteibanez.cl\/web\/wp-json\/wp\/v2\/categories?post=36110"},{"taxonomy":"post_tag","embeddable":true,"href":"https:\/\/www.radiopresidenteibanez.cl\/web\/wp-json\/wp\/v2\/tags?post=36110"}],"curies":[{"name":"wp","href":"https:\/\/api.w.org\/{rel}","templated":true}]}}