{"id":36094,"date":"2022-12-29T19:50:00","date_gmt":"2022-12-29T22:50:00","guid":{"rendered":"https:\/\/www.radiopresidenteibanez.cl\/web\/?p=36094"},"modified":"2022-12-29T15:57:04","modified_gmt":"2022-12-29T18:57:04","slug":"ronda-plastica-dio-solucion-quirurgica-a-7-menores-del-hospital-clinico-magallanes","status":"publish","type":"post","link":"https:\/\/www.radiopresidenteibanez.cl\/web\/ronda-plastica-dio-solucion-quirurgica-a-7-menores-del-hospital-clinico-magallanes\/","title":{"rendered":"Ronda pl\u00e1stica dio soluci\u00f3n quir\u00fargica a 7 menores del Hospital Clinico Magallanes"},"content":{"rendered":"\n<p>Con la visita de tres cirujanas pl\u00e1sticas del Hospital Luis Calvo Mackenna, se logr\u00f3 concretar la cirug\u00eda est\u00e9tica de siete menores. Las rondas pl\u00e1sticas infantiles se realizan hace a\u00f1os gracias a un convenio entre el Hospital Cl\u00ednico Magallanes y el establecimiento de Santiago.<\/p>\n\n\n\n<p>\u201cHicimos cirug\u00edas programadas de pacientes con malformaciones auriculares, con fisura labiopalatina y tambi\u00e9n incluimos a un paciente con una anomal\u00eda vascular. En total fueron 7 pacientes los que se operaron. Se hicieron dos reconstrucciones auriculares, un segundo tiempo de una microtia, se operaron dos pacientes de paladar, una malformaci\u00f3n de oreja y una malformaci\u00f3n vascular\u201d, detall\u00f3 la Dra. Claudia Vidal, jefa de Cirug\u00eda Pl\u00e1stica del Calvo Mackenna.<\/p>\n\n\n\n<p>Esta fue la segunda visita de las especialistas durante el 2022 y tuvo como objetivo la realizaci\u00f3n de las cirug\u00edas programadas. Sin embargo, tambi\u00e9n se dio la oportunidad para la evaluaci\u00f3n de pacientes que podr\u00edan ser operados en la primera ronda pl\u00e1stica del 2023.<\/p>\n\n\n\n<p>La Dra. Carmen Gloria Morovic, cirujana pl\u00e1stica tambi\u00e9n, enfatiz\u00f3 en el trabajo coordinado entre los profesionales de ambos centros de salud. \u201cGeneralmente, ac\u00e1 seleccionan a los pacientes que creen que podr\u00edan ser candidatos a cirug\u00eda, despu\u00e9s nosotros los vemos y decidimos cu\u00e1les s\u00ed y cu\u00e1les no, qu\u00e9 prioridades tenemos, que apoyo tenemos para poder hacerlas ac\u00e1 o no y en eso, obviamente, contamos con el tremendo apoyo del equipo local\u201d, explic\u00f3.<\/p>\n\n\n\n<p>Algunas de las evaluaciones de las especialistas las hacen a distancia a trav\u00e9s de entrevistas con los equipos m\u00e9dicos del HCM, env\u00edo fotogr\u00e1fico de los pacientes y sus antecedentes, y en otros casos, se hacen evaluaciones presenciales. La cantidad de cirug\u00edas depende no solo de la demanda, sino de la cantidad de profesionales de Santiago que pueden asistir.<\/p>\n\n\n\n<p>Por su parte, la Dra. Liliete Ruminot se\u00f1al\u00f3 que, \u201cse resuelven casos complejos en general, s\u00e9 que es un apoyo y algo que necesita la regi\u00f3n que siempre tienen que estar trayendo especialistas para resolver estas cosas\u201d.<\/p>\n\n\n\n<p><strong>Familias beneficiadas<\/strong><\/p>\n\n\n\n<p>Alicia Guerrero Reyes, lleg\u00f3 al Hospital Cl\u00ednico el jueves para que a su hijo de 17 a\u00f1os le realizaran la reconstrucci\u00f3n de una de sus orejas. \u201c\u00c9l fue uno de los primeros en operarse en este operativo y todo sali\u00f3 bien. Estamos muy felices porque ven\u00edamos esperando esto hace mucho tiempo y le va a ayudar a mejorar el \u00e1nimo\u201d, indic\u00f3.<\/p>\n\n\n\n<p>La madre, explic\u00f3 adem\u00e1s que su hijo naci\u00f3 con una malformaci\u00f3n en sus orejas y que se mudaron desde Calbuco (X Regi\u00f3n) a Punta Arenas para recibir el tratamiento y atenci\u00f3n en el Hospital Cl\u00ednico Magallanes. \u201cEl hospital ha sido una gran ayuda desde que llegamos en 2015 por \u00e9l y mis otros hijos. Ahora esperamos que le pr\u00f3ximo a\u00f1o le puedan hacer la segunda cirug\u00eda\u201d, concluy\u00f3.<\/p>\n\n\n\n<p>Al hijo de \u00c1lvaro P\u00e9rez lo operaron el viernes, con una cirug\u00eda de microtidia. \u201cAntes solo ten\u00eda el l\u00f3bulo, y ahora le construyeron todo, pero va a quedar pegadito a la nuca. Entonces despu\u00e9s seguramente le van a cortar para despegar la oreja y ver\u00e1n la forma de poner un aud\u00edfono, pero no tenemos muy claro todav\u00eda eso\u201d, dijo.<\/p>\n","protected":false},"excerpt":{"rendered":"<p>Con la visita de tres cirujanas pl\u00e1sticas del Hospital Luis Calvo Mackenna, se logr\u00f3 concretar la cirug\u00eda est\u00e9tica de siete menores. Las rondas pl\u00e1sticas infantiles se realizan hace a\u00f1os gracias&#8230; <a class=\"read-more\" href=\"https:\/\/www.radiopresidenteibanez.cl\/web\/ronda-plastica-dio-solucion-quirurgica-a-7-menores-del-hospital-clinico-magallanes\/\">Leer m\u00e1s<\/a><\/p>\n","protected":false},"author":2,"featured_media":36095,"comment_status":"closed","ping_status":"closed","sticky":false,"template":"","format":"standard","meta":{"footnotes":""},"categories":[1],"tags":[],"class_list":["post-36094","post","type-post","status-publish","format-standard","has-post-thumbnail","hentry","category-cronica"],"_links":{"self":[{"href":"https:\/\/www.radiopresidenteibanez.cl\/web\/wp-json\/wp\/v2\/posts\/36094","targetHints":{"allow":["GET"]}}],"collection":[{"href":"https:\/\/www.radiopresidenteibanez.cl\/web\/wp-json\/wp\/v2\/posts"}],"about":[{"href":"https:\/\/www.radiopresidenteibanez.cl\/web\/wp-json\/wp\/v2\/types\/post"}],"author":[{"embeddable":true,"href":"https:\/\/www.radiopresidenteibanez.cl\/web\/wp-json\/wp\/v2\/users\/2"}],"replies":[{"embeddable":true,"href":"https:\/\/www.radiopresidenteibanez.cl\/web\/wp-json\/wp\/v2\/comments?post=36094"}],"version-history":[{"count":0,"href":"https:\/\/www.radiopresidenteibanez.cl\/web\/wp-json\/wp\/v2\/posts\/36094\/revisions"}],"wp:featuredmedia":[{"embeddable":true,"href":"https:\/\/www.radiopresidenteibanez.cl\/web\/wp-json\/wp\/v2\/media\/36095"}],"wp:attachment":[{"href":"https:\/\/www.radiopresidenteibanez.cl\/web\/wp-json\/wp\/v2\/media?parent=36094"}],"wp:term":[{"taxonomy":"category","embeddable":true,"href":"https:\/\/www.radiopresidenteibanez.cl\/web\/wp-json\/wp\/v2\/categories?post=36094"},{"taxonomy":"post_tag","embeddable":true,"href":"https:\/\/www.radiopresidenteibanez.cl\/web\/wp-json\/wp\/v2\/tags?post=36094"}],"curies":[{"name":"wp","href":"https:\/\/api.w.org\/{rel}","templated":true}]}}