{"id":36085,"date":"2022-12-29T16:18:00","date_gmt":"2022-12-29T19:18:00","guid":{"rendered":"https:\/\/www.radiopresidenteibanez.cl\/web\/?p=36085"},"modified":"2022-12-29T11:18:20","modified_gmt":"2022-12-29T14:18:20","slug":"rector-de-la-umag-las-universidades-estatales-son-parte-importante-en-el-desarrollo-que-tiene-y-tendra-chile","status":"publish","type":"post","link":"https:\/\/www.radiopresidenteibanez.cl\/web\/rector-de-la-umag-las-universidades-estatales-son-parte-importante-en-el-desarrollo-que-tiene-y-tendra-chile\/","title":{"rendered":"<strong>Rector de la UMAG: \u201cLas universidades estatales son parte importante en el desarrollo que tiene y tendr\u00e1 Chile\u201d<\/strong>"},"content":{"rendered":"\n<p>Un balance positivo de la reuni\u00f3n que sostuvo el Consorcio de Universidades del Estado de Chile (CUECH) con el Presidente de la Rep\u00fablica, Gabriel Boric, hizo el rector de la Universidad de Magallanes, Jos\u00e9 Maripani, quien particip\u00f3 en la cita realizada en La Moneda hace algunos d\u00edas.<\/p>\n\n\n\n<p>Maripani sostuvo que&nbsp;\u201ces un privilegio y un orgullo poder asistir a La Moneda y estar frente a un presidente magall\u00e1nico\u201d y destac\u00f3 que el mandatario los haya recibido porque \u201cnaturalmente creemos que las universidades estatales son parte importante en el desarrollo que tiene y que va a tener nuestro pa\u00eds en el futuro. Esto es algo que se reconoce a nivel internacional y que desde sus inicios muestran logros que son parte de una tradici\u00f3n en la formaci\u00f3n de miles de profesionales y en el fortalecimiento de las regiones\u201d.<\/p>\n\n\n\n<p>El rector de la UMAG manifest\u00f3 que \u201cal mirar los distintos pa\u00edses claramente uno ve que hay un enfoque en t\u00e9rminos de fortalecer la educaci\u00f3n p\u00fablica. En ese aspecto me parece muy interesante el ejemplo norteamericano cu\u00e1ndo por ah\u00ed en el a\u00f1o 1862 el senador Morrill de Vermont propone que en cada estado norteamericano haya una universidad y se le entrega a cada instituci\u00f3n recursos para que se desarrolle y se fortalezca\u201d.<\/p>\n\n\n\n<p>En esa misma l\u00ednea subray\u00f3 que \u201cconocemos esa visi\u00f3n del se\u00f1or presidente de que \u00e9l est\u00e1 muy de acuerdo con fortalecer la educaci\u00f3n p\u00fablica a todo nivel y en este caso particular, la educaci\u00f3n superior estatal\u201d.<\/p>\n\n\n\n<p>Los rectores entregaron una carta al Presidente Boric en la que plantearon, entre otros temas, la preocupaci\u00f3n por el financiamiento de las universidades estatales y la necesidad de apoyar a aquellas que se encuentran en una posici\u00f3n compleja.<\/p>\n","protected":false},"excerpt":{"rendered":"<p>Un balance positivo de la reuni\u00f3n que sostuvo el Consorcio de Universidades del Estado de Chile (CUECH) con el Presidente de la Rep\u00fablica, Gabriel Boric, hizo el rector de la&#8230; <a class=\"read-more\" href=\"https:\/\/www.radiopresidenteibanez.cl\/web\/rector-de-la-umag-las-universidades-estatales-son-parte-importante-en-el-desarrollo-que-tiene-y-tendra-chile\/\">Leer m\u00e1s<\/a><\/p>\n","protected":false},"author":2,"featured_media":36086,"comment_status":"closed","ping_status":"closed","sticky":false,"template":"","format":"standard","meta":{"footnotes":""},"categories":[1],"tags":[],"class_list":["post-36085","post","type-post","status-publish","format-standard","has-post-thumbnail","hentry","category-cronica"],"_links":{"self":[{"href":"https:\/\/www.radiopresidenteibanez.cl\/web\/wp-json\/wp\/v2\/posts\/36085","targetHints":{"allow":["GET"]}}],"collection":[{"href":"https:\/\/www.radiopresidenteibanez.cl\/web\/wp-json\/wp\/v2\/posts"}],"about":[{"href":"https:\/\/www.radiopresidenteibanez.cl\/web\/wp-json\/wp\/v2\/types\/post"}],"author":[{"embeddable":true,"href":"https:\/\/www.radiopresidenteibanez.cl\/web\/wp-json\/wp\/v2\/users\/2"}],"replies":[{"embeddable":true,"href":"https:\/\/www.radiopresidenteibanez.cl\/web\/wp-json\/wp\/v2\/comments?post=36085"}],"version-history":[{"count":0,"href":"https:\/\/www.radiopresidenteibanez.cl\/web\/wp-json\/wp\/v2\/posts\/36085\/revisions"}],"wp:featuredmedia":[{"embeddable":true,"href":"https:\/\/www.radiopresidenteibanez.cl\/web\/wp-json\/wp\/v2\/media\/36086"}],"wp:attachment":[{"href":"https:\/\/www.radiopresidenteibanez.cl\/web\/wp-json\/wp\/v2\/media?parent=36085"}],"wp:term":[{"taxonomy":"category","embeddable":true,"href":"https:\/\/www.radiopresidenteibanez.cl\/web\/wp-json\/wp\/v2\/categories?post=36085"},{"taxonomy":"post_tag","embeddable":true,"href":"https:\/\/www.radiopresidenteibanez.cl\/web\/wp-json\/wp\/v2\/tags?post=36085"}],"curies":[{"name":"wp","href":"https:\/\/api.w.org\/{rel}","templated":true}]}}