{"id":36082,"date":"2022-12-29T15:11:00","date_gmt":"2022-12-29T18:11:00","guid":{"rendered":"https:\/\/www.radiopresidenteibanez.cl\/web\/?p=36082"},"modified":"2022-12-29T11:12:19","modified_gmt":"2022-12-29T14:12:19","slug":"alcalde-radonich-alerto-acerca-del-fin-de-la-busqueda-activa-de-casos-covid-19","status":"publish","type":"post","link":"https:\/\/www.radiopresidenteibanez.cl\/web\/alcalde-radonich-alerto-acerca-del-fin-de-la-busqueda-activa-de-casos-covid-19\/","title":{"rendered":"<strong>ALCALDE RADONICH ALERT\u00d3 ACERCA DEL FIN DE LA B\u00daSQUEDA ACTIVA DE CASOS COVID-19\u00a0\u00a0<\/strong>"},"content":{"rendered":"\n<p>Con gran preocupaci\u00f3n han recibido la noticia en el \u00c1rea de Salud Municipal, que informa acerca del fin de los programas asociados al Testeo, Trazabilidad y Aislamiento (TTA), lo cual traer\u00eda como consecuencia que el pr\u00f3ximo 31 de diciembre termina el convenio entre la Secretar\u00eda Regional Ministerial de Salud Magallanes y la Municipalidad de Punta Arenas, eliminando los operativos de B\u00fasqueda Activa de Casos Covid-19, tanto en los Centros de Salud Familiar de la comuna, como los que se desarrollan por medio de la Cl\u00ednica M\u00f3vil en distintos puntos de la ciudad e instituciones de riesgo.&nbsp;<\/p>\n\n\n\n<p>De igual forma, las autoridades locales, agregaron que ello conlleva adem\u00e1s el fin de los contratos laborales de 26 personas que conforman los equipos destinados para estos fines, raz\u00f3n por la cual hicieron el llamado para que se reconsidere la medida, y se mantengan las acciones preventivas.&nbsp;<\/p>\n\n\n\n<p>\u201cEstos lugares han sido muy importantes para nuestra ciudad en los \u00faltimos dos a\u00f1os, y que dice relaci\u00f3n con la B\u00fasqueda de casos Covid-19, porque esta pandemia a\u00fan se mantiene y no podemos bajar la guardia, sabiendo que hoy tenemos m\u00e1s de 100 casos activos reportados y que se han mantenido, con una tasa de positividad es de un 7%, etc\u00e9tera, por lo que hacemos un llamado al Ministerio de Salud para que los grupos de b\u00fasqueda se mantengan, ya que nos han informado que no hay recursos para ello, raz\u00f3n por la que invito a que observen lo que est\u00e1 pasando en China y Europa, y que dice relaci\u00f3n con la necesidad de mantener estos operativos, con el fin de prevenir y pesquisar de manera oportuna los nuevos casos\u201d, manifest\u00f3 el Alcalde Claudio Radonich.&nbsp;<\/p>\n\n\n\n<p>Asimismo, a\u00f1adi\u00f3 que \u201cen todos los consultorios tenemos personas que se dedican especialmente a los testeos, lo que tambi\u00e9n se ver\u00eda perjudicado, sumando a los equipos que permanecen en la Cl\u00ednica M\u00f3vil y nuestro punto fijo en la sede del Club Deportivo Cruz del Sur, por tanto, no hay que bajar la guardia, y no hay que perder los equipos y lo que se ha ganado con este trabajo\u201d.&nbsp;&nbsp;<\/p>\n\n\n\n<p>En ese sentido, \u00c9rica Contreras, m\u00e9dico encargada de los equipos TTA, dijo que \u201ces complejo poder dar continuidad a las personas en otros programas, porque forman parte espec\u00edficamente de los equipos de TTA, por tanto, la idea es poder continuar con los operativos, sabiendo que todos fueron parte importante del trabajo preventivo que se desarroll\u00f3 desde el inicio de la Pandemia y en los peores momentos\u201d.&nbsp;<\/p>\n\n\n\n<p>\u201cEntendemos que la estrategia del Ministerio de Salud, est\u00e1 limitando el testeo en personas asintom\u00e1ticas, no as\u00ed el testeo en sintom\u00e1ticos, pero tambi\u00e9n tenemos funcionarios que hacen aquello y que finalizar\u00edan sus contratos el pr\u00f3ximo 31 de diciembre, por tanto, tampoco podr\u00edamos continuar con eso\u201d, argument\u00f3 Contreras.&nbsp;<\/p>\n\n\n\n<p>Recordaron que estos equipos de trabajo realizan operativos en instituciones como ELEAM, SENAMA, entre otros, focalizando parte de las acciones en grupos de riesgo, lo que se ver\u00eda afectado de igual forma.&nbsp;<\/p>\n\n\n\n<p>En total, son 26 las personas que trabajan en los equipos de TTA de la Atenci\u00f3n Primaria de Salud (Testeo, Trazabilidad y Aislamiento), quienes aportan en una labor fundamental para la pesquisa de nuevos casos asintom\u00e1ticos de coronavirus.&nbsp;<\/p>\n","protected":false},"excerpt":{"rendered":"<p>Con gran preocupaci\u00f3n han recibido la noticia en el \u00c1rea de Salud Municipal, que informa acerca del fin de los programas asociados al Testeo, Trazabilidad y Aislamiento (TTA), lo cual&#8230; <a class=\"read-more\" href=\"https:\/\/www.radiopresidenteibanez.cl\/web\/alcalde-radonich-alerto-acerca-del-fin-de-la-busqueda-activa-de-casos-covid-19\/\">Leer m\u00e1s<\/a><\/p>\n","protected":false},"author":2,"featured_media":36083,"comment_status":"closed","ping_status":"closed","sticky":false,"template":"","format":"standard","meta":{"footnotes":""},"categories":[1],"tags":[],"class_list":["post-36082","post","type-post","status-publish","format-standard","has-post-thumbnail","hentry","category-cronica"],"_links":{"self":[{"href":"https:\/\/www.radiopresidenteibanez.cl\/web\/wp-json\/wp\/v2\/posts\/36082","targetHints":{"allow":["GET"]}}],"collection":[{"href":"https:\/\/www.radiopresidenteibanez.cl\/web\/wp-json\/wp\/v2\/posts"}],"about":[{"href":"https:\/\/www.radiopresidenteibanez.cl\/web\/wp-json\/wp\/v2\/types\/post"}],"author":[{"embeddable":true,"href":"https:\/\/www.radiopresidenteibanez.cl\/web\/wp-json\/wp\/v2\/users\/2"}],"replies":[{"embeddable":true,"href":"https:\/\/www.radiopresidenteibanez.cl\/web\/wp-json\/wp\/v2\/comments?post=36082"}],"version-history":[{"count":0,"href":"https:\/\/www.radiopresidenteibanez.cl\/web\/wp-json\/wp\/v2\/posts\/36082\/revisions"}],"wp:featuredmedia":[{"embeddable":true,"href":"https:\/\/www.radiopresidenteibanez.cl\/web\/wp-json\/wp\/v2\/media\/36083"}],"wp:attachment":[{"href":"https:\/\/www.radiopresidenteibanez.cl\/web\/wp-json\/wp\/v2\/media?parent=36082"}],"wp:term":[{"taxonomy":"category","embeddable":true,"href":"https:\/\/www.radiopresidenteibanez.cl\/web\/wp-json\/wp\/v2\/categories?post=36082"},{"taxonomy":"post_tag","embeddable":true,"href":"https:\/\/www.radiopresidenteibanez.cl\/web\/wp-json\/wp\/v2\/tags?post=36082"}],"curies":[{"name":"wp","href":"https:\/\/api.w.org\/{rel}","templated":true}]}}