{"id":36079,"date":"2022-12-29T13:53:00","date_gmt":"2022-12-29T16:53:00","guid":{"rendered":"https:\/\/www.radiopresidenteibanez.cl\/web\/?p=36079"},"modified":"2022-12-29T10:46:11","modified_gmt":"2022-12-29T13:46:11","slug":"presidente-gabriel-boric-y-ministra-brodsky-lanzan-verano-es-cultura-con-casi-500-actividades-en-todo-chile","status":"publish","type":"post","link":"https:\/\/www.radiopresidenteibanez.cl\/web\/presidente-gabriel-boric-y-ministra-brodsky-lanzan-verano-es-cultura-con-casi-500-actividades-en-todo-chile\/","title":{"rendered":"Presidente Gabriel Boric y ministra Brodsky lanzan Verano es Cultura con casi 500 actividades en todo Chile"},"content":{"rendered":"\n<p>Para muchas personas se acercan las esperadas vacaciones de verano y con ello<br>las ganas de disfrutar del tiempo libre. Festivales de cine, obras de teatro,<br>ferias, visitas a museos y edificios patrimoniales; conciertos, exposiciones, circo<br>y danza son parte de la robusta oferta cultural disponible en el pa\u00eds durante<br>enero y febrero, y todas ellas -que en total suman casi 500- dan vida a Verano es<br>Cultura, iniciativa presentada este mi\u00e9rcoles por el Presidente de la Rep\u00fablica<br>Gabriel Boric y la ministra de las Culturas, las Artes y el Patrimonio, Julieta<br>Brodsky Hern\u00e1ndez, desde el Parque Quinta Normal.<br>\u201cLa cultura es lo que le da sentido a nuestra identidad como pa\u00eds. Es la voz de<br>Violeta (Parra), el arte de Banda Conmoci\u00f3n, es el modo en c\u00f3mo se cocina un<br>curanto, es la cueca brava que se baila a\u00fan en las ferias, son los bailes chinos y<br>tantas expresiones que est\u00e1n permanentemente sucediendo. Lo que estamos<br>haciendo con este Verano es Cultura es acercar y dar un espacio para que todas<br>las personas puedan acceder\u201d, dijo el presidente Gabriel Boric.<br>El mandatario destac\u00f3 adem\u00e1s la necesidad de \u201creconocer a los trabajadores de<br>la cultura como tal y que esa frase \u2018lo hago por amor al arte\u2019 deje de<br>romantizarse. Esto es trabajo, creaci\u00f3n de valor. Como sociedad nos medimos<br>mucho por c\u00f3mo reconocemos a la cultura y las artes. La cultura es el esp\u00edritu de<br>un pueblo y c\u00f3mo tratamos a sus representantes es tremendamente importante.<\/p>\n\n\n\n<p>Por eso, desde el Ministerio de las Culturas se est\u00e1 avanzando en la elaboraci\u00f3n<br>de un estatuto para el trabajador cultural y estamos trabajando tambi\u00e9n para<br>llegar a un 1% del presupuesto\u201d.<br>La ministra Julieta Brodsky agreg\u00f3 que \u201ccomo Gobierno estamos convencidos de<br>que la cultura es una herramienta esencial para el bienestar, para mejorar la<br>calidad de vida de las personas, la recuperaci\u00f3n de los espacios p\u00fablicos, la<br>seguridad de nuestros barrios, la cohesi\u00f3n social de comunidades y territorios.<br>Verano es Cultura es una invitaci\u00f3n a todos y a todas a participar y disfrutar de<br>esta gran cartelera de actividades, en todo Chile, a la que pueden acceder en<br>http:\/\/chilecultura.gob.clz\u201d.<br>Adem\u00e1s, la secretaria de Estado anunci\u00f3 que \u201ctendremos un programa especial<br>para las ni\u00f1as y ni\u00f1os de los cerros de Vi\u00f1a del Mar afectados por el incendio, que<br>se extender\u00e1 durante todo enero y febrero, porque sabemos que este tipo de<br>cosas no se resuelven de un d\u00eda para otro o mientras el resto del pa\u00eds tiene los<br>ojos puestos en la noticia\u201d.<br>Tambi\u00e9n estuvieron presentes en la actividad las y los ministros: Secretaria<br>General de Gobierno, Camila Vallejo; Defensa, Maya Fern\u00e1ndez; Educaci\u00f3n,<br>Marco Antonio \u00c1vila; Agricultura, Esteban Valenzuela; y Deportes, Alexandra<br>Benado; adem\u00e1s de la coordinadora Sociocultural de La Moneda, Irina<br>Karamanos; las subsecretarias de las Culturas y las Artes, Andrea Guti\u00e9rrez<br>V\u00e1squez, y del Patrimonio Cultural, Carolina P\u00e9rez Dattari; y la delegada<br>presidencial RM, Constanza Mart\u00ednez. La amena jornada cont\u00f3 con las<br>presentaciones de la comediante Paloma Salas, los actores de teatro musical<br>Amaya Forch y Felipe R\u00edos, y todo el ritmo de la Banda Conmoci\u00f3n.<br>La Regi\u00f3n de Magallanes tambi\u00e9n figura en la plataforma Chile Cultura. Fiestas<br>costumbristas y eventos de convocatoria masiva son parte de los panoramas para<br>disfrutar en la zona austral. \u00abInvitamos a la ciudadan\u00eda para que se conecte con<br>las diferentes expresiones art\u00edstico culturales que instituciones y organizaciones<br>han programado para el verano. Este es un momento de reencuentro y para<br>disfrutar en familia. La cultura y las artes tienen esa capacidad y poder de<br>aportar a nuestro bienestar. Por ello creemos que deben estar en el centro de<br>nuestro quehacer permanente y m\u00e1s a\u00fan cuando disponemos de m\u00e1s tiempo para<br>algo tan necesario como el descanso y el ocio\u00bb, dijo el Seremi de las Culturas,<br>Diego Garc\u00eda.<\/p>\n","protected":false},"excerpt":{"rendered":"<p>Para muchas personas se acercan las esperadas vacaciones de verano y con ellolas ganas de disfrutar del tiempo libre. Festivales de cine, obras de teatro,ferias, visitas a museos y edificios&#8230; <a class=\"read-more\" href=\"https:\/\/www.radiopresidenteibanez.cl\/web\/presidente-gabriel-boric-y-ministra-brodsky-lanzan-verano-es-cultura-con-casi-500-actividades-en-todo-chile\/\">Leer m\u00e1s<\/a><\/p>\n","protected":false},"author":2,"featured_media":36080,"comment_status":"closed","ping_status":"closed","sticky":false,"template":"","format":"standard","meta":{"footnotes":""},"categories":[1],"tags":[],"class_list":["post-36079","post","type-post","status-publish","format-standard","has-post-thumbnail","hentry","category-cronica"],"_links":{"self":[{"href":"https:\/\/www.radiopresidenteibanez.cl\/web\/wp-json\/wp\/v2\/posts\/36079","targetHints":{"allow":["GET"]}}],"collection":[{"href":"https:\/\/www.radiopresidenteibanez.cl\/web\/wp-json\/wp\/v2\/posts"}],"about":[{"href":"https:\/\/www.radiopresidenteibanez.cl\/web\/wp-json\/wp\/v2\/types\/post"}],"author":[{"embeddable":true,"href":"https:\/\/www.radiopresidenteibanez.cl\/web\/wp-json\/wp\/v2\/users\/2"}],"replies":[{"embeddable":true,"href":"https:\/\/www.radiopresidenteibanez.cl\/web\/wp-json\/wp\/v2\/comments?post=36079"}],"version-history":[{"count":0,"href":"https:\/\/www.radiopresidenteibanez.cl\/web\/wp-json\/wp\/v2\/posts\/36079\/revisions"}],"wp:featuredmedia":[{"embeddable":true,"href":"https:\/\/www.radiopresidenteibanez.cl\/web\/wp-json\/wp\/v2\/media\/36080"}],"wp:attachment":[{"href":"https:\/\/www.radiopresidenteibanez.cl\/web\/wp-json\/wp\/v2\/media?parent=36079"}],"wp:term":[{"taxonomy":"category","embeddable":true,"href":"https:\/\/www.radiopresidenteibanez.cl\/web\/wp-json\/wp\/v2\/categories?post=36079"},{"taxonomy":"post_tag","embeddable":true,"href":"https:\/\/www.radiopresidenteibanez.cl\/web\/wp-json\/wp\/v2\/tags?post=36079"}],"curies":[{"name":"wp","href":"https:\/\/api.w.org\/{rel}","templated":true}]}}