{"id":36070,"date":"2022-12-29T10:20:00","date_gmt":"2022-12-29T13:20:00","guid":{"rendered":"https:\/\/www.radiopresidenteibanez.cl\/web\/?p=36070"},"modified":"2022-12-29T08:51:49","modified_gmt":"2022-12-29T11:51:49","slug":"minvu-entrego-nuevo-barrio-de-112-viviendas-a-familias-de-porvenir","status":"publish","type":"post","link":"https:\/\/www.radiopresidenteibanez.cl\/web\/minvu-entrego-nuevo-barrio-de-112-viviendas-a-familias-de-porvenir\/","title":{"rendered":"<strong>Minvu entreg\u00f3 nuevo barrio de 112 viviendas a familias de Porvenir<\/strong>"},"content":{"rendered":"\n<p>&nbsp;Con el tradicional corte de cinta efectuado este mi\u00e9rcoles, 112 familias de Porvenir, junto a autoridades regionales y comunales, inauguraron el conjunto habitacional Lomas del Baquedano 3.&nbsp;La ceremonia cont\u00f3 con la participaci\u00f3n de la Delegada Regional Presidencial, Luz Berm\u00fadez Sandoval; la Delegada Presidencial Provincial de Tierra del Fuego, Karim Fierro Brstilo; el Seremi de Gobierno, Andro Mimica Guerrero; el Seremi de Vivienda y Urbanismo, Marco Uribe Saldivia; el alcalde de Porvenir, Jos\u00e9 Parada Aguilar; el Director regional (S) del Serviu, Omar Gonz\u00e1lez Asenjo; Consejeros Regionales, Concejales y familias de la agrupaci\u00f3n beneficiada.&nbsp;El Seremi de Vivienda y Urbanismo, Marco Uribe Saldivia, se\u00f1al\u00f3 \u201cSe trata de un proyecto desarrollado \u00edntegramente por la Municipalidad de Porvenir para sus vecinos y vecinas a trav\u00e9s de su Entidad Patrocinante. Lomas del Baquedano 3 es un barrio bien equipado de 112 viviendas individuales, con urbanizaci\u00f3n, \u00e1reas verdes y sede vecinal. A trav\u00e9s del Plan de Emergencia Habitacional estamos impulsando junto a los Municipios que estas buenas noticias se repitan en cada una de las comunas de nuestra regi\u00f3n, ya que el desarrollo habitacional debe alcanzar a los habitantes de todo el territorio, tal como lo ha mandatado el Presidente Gabriel Boric.\u201d&nbsp;El conjunto habitacional \u201cLomas del Baquedano 3\u201d corresponde al tercer loteo de viviendas sin deuda de igual denominaci\u00f3n. Todos fueron desarrollados por la Entidad Patrocinante de la Ilustre Municipalidad de Porvenir, con recursos del Fondo Solidario de Elecci\u00f3n de Vivienda del MINVU. Las etapas 1, de 122 viviendas, y 2, de 120 viviendas, se entregaron los a\u00f1os 2014 y 2016, respectivamente.&nbsp;La Delegada Presidencial Regional, Luz Berm\u00fadez Sandoval destac\u00f3 que \u201ctenemos un compromiso con la descentralizaci\u00f3n y ese compromiso implica llegar a todas las comunas. Es un desaf\u00edo grande que nos hemos puesto, pero creemos que esa es la verdadera descentralizaci\u00f3n. Tenemos que llegar adonde no se ha llegado antes o hace mucho tiempo que no se llega y para eso el Serviu est\u00e1 trabajando con municipios, con Bienes Nacionales para ver los terrenos disponibles y brindar soluci\u00f3n habitacional a toda la Regi\u00f3n\u201d.&nbsp;El barrio consta de 112 viviendas individuales, de 44,12m2, ampliables a 55,12m2, distribuidos en living-comedor, cocina y 2 dormitorios. El revestimiento exterior es de fibrocemento, y la aislaci\u00f3n t\u00e9rmica de lana de vidrio. Las casas cuentan con artefactos sanitarios, lavaplatos, calef\u00f3n, 1 calefactor, cubrepiso y terminaciones lineales. En exterior cuentan con reja met\u00e1lica y panderetas La construcci\u00f3n del loteo, tambi\u00e9n consider\u00f3 pavimentaciones, urbanizaci\u00f3n y obras de aguas lluvias.&nbsp;La agrupaci\u00f3n de vivienda, obtuvo su personalidad jur\u00eddica en 2014. Luego de organizarse al alero de la Entidad patrocinante de la Municipalidad de Porvenir, obtuvieron sus subsidios del Fondo Solidario de Elecci\u00f3n de Vivienda del Minvu, el a\u00f1o 2017. En la composici\u00f3n del grupo destaca que un 70% de sus asociados nacieron en la comuna de Porvenir y un 38 % corresponde a Adultos mayores.<\/p>\n","protected":false},"excerpt":{"rendered":"<p>&nbsp;Con el tradicional corte de cinta efectuado este mi\u00e9rcoles, 112 familias de Porvenir, junto a autoridades regionales y comunales, inauguraron el conjunto habitacional Lomas del Baquedano 3.&nbsp;La ceremonia cont\u00f3 con&#8230; <a class=\"read-more\" href=\"https:\/\/www.radiopresidenteibanez.cl\/web\/minvu-entrego-nuevo-barrio-de-112-viviendas-a-familias-de-porvenir\/\">Leer m\u00e1s<\/a><\/p>\n","protected":false},"author":2,"featured_media":36071,"comment_status":"closed","ping_status":"closed","sticky":false,"template":"","format":"standard","meta":{"footnotes":""},"categories":[1],"tags":[],"class_list":["post-36070","post","type-post","status-publish","format-standard","has-post-thumbnail","hentry","category-cronica"],"_links":{"self":[{"href":"https:\/\/www.radiopresidenteibanez.cl\/web\/wp-json\/wp\/v2\/posts\/36070","targetHints":{"allow":["GET"]}}],"collection":[{"href":"https:\/\/www.radiopresidenteibanez.cl\/web\/wp-json\/wp\/v2\/posts"}],"about":[{"href":"https:\/\/www.radiopresidenteibanez.cl\/web\/wp-json\/wp\/v2\/types\/post"}],"author":[{"embeddable":true,"href":"https:\/\/www.radiopresidenteibanez.cl\/web\/wp-json\/wp\/v2\/users\/2"}],"replies":[{"embeddable":true,"href":"https:\/\/www.radiopresidenteibanez.cl\/web\/wp-json\/wp\/v2\/comments?post=36070"}],"version-history":[{"count":0,"href":"https:\/\/www.radiopresidenteibanez.cl\/web\/wp-json\/wp\/v2\/posts\/36070\/revisions"}],"wp:featuredmedia":[{"embeddable":true,"href":"https:\/\/www.radiopresidenteibanez.cl\/web\/wp-json\/wp\/v2\/media\/36071"}],"wp:attachment":[{"href":"https:\/\/www.radiopresidenteibanez.cl\/web\/wp-json\/wp\/v2\/media?parent=36070"}],"wp:term":[{"taxonomy":"category","embeddable":true,"href":"https:\/\/www.radiopresidenteibanez.cl\/web\/wp-json\/wp\/v2\/categories?post=36070"},{"taxonomy":"post_tag","embeddable":true,"href":"https:\/\/www.radiopresidenteibanez.cl\/web\/wp-json\/wp\/v2\/tags?post=36070"}],"curies":[{"name":"wp","href":"https:\/\/api.w.org\/{rel}","templated":true}]}}