{"id":3607,"date":"2019-04-23T14:52:16","date_gmt":"2019-04-23T14:52:16","guid":{"rendered":"http:\/\/www.radiopresidenteibanez.cl\/web\/?p=3607"},"modified":"2019-04-23T14:52:25","modified_gmt":"2019-04-23T14:52:25","slug":"nuevamente-la-desaprobacion-del-presidente-pinera-aumento-y-comienza-a-preocupar-al-oficialismo-regional","status":"publish","type":"post","link":"https:\/\/www.radiopresidenteibanez.cl\/web\/nuevamente-la-desaprobacion-del-presidente-pinera-aumento-y-comienza-a-preocupar-al-oficialismo-regional\/","title":{"rendered":"NUEVAMENTE LA DESAPROBACI\u00d3N DEL PRESIDENTE PI\u00d1ERA AUMENTO Y COMIENZA A PREOCUPAR AL OFICIALISMO REGIONAL"},"content":{"rendered":"\n<p>Este lunes 22 de abril, se dio a conocer la encuesta Cadem,\nque corresponde a la tercera semana del mes de abril que arroj\u00f3 que la aprobaci\u00f3n\ny desaprobaci\u00f3n del presidente Sebasti\u00e1n Pi\u00f1era, se mantiene con un porcentaje\nparecido a los meses anteriores. Seg\u00fan el informe un 50% desaprueba la gesti\u00f3n\ndel mandatario, mientras que solo el 36% aprueba sus labores.<\/p>\n\n\n\n<p>Lo anterior mantiene preocupado al actual oficialismo\nregional, debido a que tambi\u00e9n Cadem manifiesta que un 48% de los encuestados\ncomenta que Chile va por un mal camino, mientras que un 40 por uno bueno.<\/p>\n\n\n\n<p>En este sentido, la Secretaria Regional Ministerial de\nGobierno, Alejandra Mu\u00f1oz, coment\u00f3 que \u201cm\u00e1s all\u00e1 de lo que digan las encuestas\ndebemos seguir trabajando por lo que necesita la comunidad, estas encuestas\ndescienden y ascienden debido a diferentes motivos o se mantienen estamos\nconscientes de eso, pero estamos enfocados en ayudar, a los ni\u00f1os, mujeres,\nhombres, adultos mayores, para que tengan una mejor calidad de vida\u201d.<\/p>\n\n\n\n<p>Cadem tambi\u00e9n arroj\u00f3 que un 51% de los encuestados aprueba la\ndecisi\u00f3n de la Democracia Cristiana. As\u00ed tambi\u00e9n el apoyo a la falange alcanza\nun 78% entre los identificados con la derecha, 65% en el centro, 46% entre los\nindependientes y s\u00f3lo 24% en la izquierda.<\/p>\n\n\n\n<p>Finalmente, en temas de evaluaci\u00f3n del gabinete del actual oficialismo nacional, la ministra Isabel Pl\u00e1 fue la mejor evaluada con 69%, seguida por Roberto Ampuero 65%, Cecilia Per\u00e9z, Gloria Hutt y Gonzalo Blumel con 58%, Carolina Schmidt y Felipe Ward con 56%, mientras que la lista la cierra Rodrigo Ubilla con 50% de aprobaci\u00f3n.<\/p>\n\n\n\n<figure class=\"wp-block-image\"><img loading=\"lazy\" decoding=\"async\" width=\"1024\" height=\"682\" src=\"https:\/\/www.radiopresidenteibanez.cl\/web\/wp-content\/uploads\/2019\/04\/IMG-20190409-WA0021-1024x682.jpg\" alt=\"\" class=\"wp-image-3608\" srcset=\"https:\/\/www.radiopresidenteibanez.cl\/web\/wp-content\/uploads\/2019\/04\/IMG-20190409-WA0021-1024x682.jpg 1024w, https:\/\/www.radiopresidenteibanez.cl\/web\/wp-content\/uploads\/2019\/04\/IMG-20190409-WA0021-300x200.jpg 300w, https:\/\/www.radiopresidenteibanez.cl\/web\/wp-content\/uploads\/2019\/04\/IMG-20190409-WA0021-768x512.jpg 768w, https:\/\/www.radiopresidenteibanez.cl\/web\/wp-content\/uploads\/2019\/04\/IMG-20190409-WA0021.jpg 1280w\" sizes=\"auto, (max-width: 1024px) 100vw, 1024px\" \/><\/figure>\n","protected":false},"excerpt":{"rendered":"<p>Este lunes 22 de abril, se dio a conocer la encuesta Cadem, que corresponde a la tercera semana del mes de abril que arroj\u00f3 que la aprobaci\u00f3n y desaprobaci\u00f3n del&#8230; <a class=\"read-more\" href=\"https:\/\/www.radiopresidenteibanez.cl\/web\/nuevamente-la-desaprobacion-del-presidente-pinera-aumento-y-comienza-a-preocupar-al-oficialismo-regional\/\">Leer m\u00e1s<\/a><\/p>\n","protected":false},"author":2,"featured_media":3608,"comment_status":"closed","ping_status":"closed","sticky":false,"template":"","format":"standard","meta":{"footnotes":""},"categories":[5],"tags":[],"class_list":["post-3607","post","type-post","status-publish","format-standard","has-post-thumbnail","hentry","category-politica"],"_links":{"self":[{"href":"https:\/\/www.radiopresidenteibanez.cl\/web\/wp-json\/wp\/v2\/posts\/3607","targetHints":{"allow":["GET"]}}],"collection":[{"href":"https:\/\/www.radiopresidenteibanez.cl\/web\/wp-json\/wp\/v2\/posts"}],"about":[{"href":"https:\/\/www.radiopresidenteibanez.cl\/web\/wp-json\/wp\/v2\/types\/post"}],"author":[{"embeddable":true,"href":"https:\/\/www.radiopresidenteibanez.cl\/web\/wp-json\/wp\/v2\/users\/2"}],"replies":[{"embeddable":true,"href":"https:\/\/www.radiopresidenteibanez.cl\/web\/wp-json\/wp\/v2\/comments?post=3607"}],"version-history":[{"count":0,"href":"https:\/\/www.radiopresidenteibanez.cl\/web\/wp-json\/wp\/v2\/posts\/3607\/revisions"}],"wp:featuredmedia":[{"embeddable":true,"href":"https:\/\/www.radiopresidenteibanez.cl\/web\/wp-json\/wp\/v2\/media\/3608"}],"wp:attachment":[{"href":"https:\/\/www.radiopresidenteibanez.cl\/web\/wp-json\/wp\/v2\/media?parent=3607"}],"wp:term":[{"taxonomy":"category","embeddable":true,"href":"https:\/\/www.radiopresidenteibanez.cl\/web\/wp-json\/wp\/v2\/categories?post=3607"},{"taxonomy":"post_tag","embeddable":true,"href":"https:\/\/www.radiopresidenteibanez.cl\/web\/wp-json\/wp\/v2\/tags?post=3607"}],"curies":[{"name":"wp","href":"https:\/\/api.w.org\/{rel}","templated":true}]}}