{"id":36064,"date":"2022-12-29T08:25:00","date_gmt":"2022-12-29T11:25:00","guid":{"rendered":"https:\/\/www.radiopresidenteibanez.cl\/web\/?p=36064"},"modified":"2022-12-29T08:15:41","modified_gmt":"2022-12-29T11:15:41","slug":"con-entrega-de-reconocimientos-a-militantes-destacados-partido-radical-en-magallanes-celebro-159-anos","status":"publish","type":"post","link":"https:\/\/www.radiopresidenteibanez.cl\/web\/con-entrega-de-reconocimientos-a-militantes-destacados-partido-radical-en-magallanes-celebro-159-anos\/","title":{"rendered":"Con entrega de reconocimientos a militantes destacados Partido Radical en Magallanes celebr\u00f3 159 a\u00f1os"},"content":{"rendered":"\n<p>Es dif\u00edcil condensar la importancia del Partido Radical (PR) y el legado de su historia social y<br>pol\u00edtica en Chile y, particularmente, en la Regi\u00f3n de Magallanes, ya que sus ideas y acciones se<br>encuentran entrelazadas con la propia historia de la Rep\u00fablica y el desarrollo productivo,<br>industrial y de fomento de los derechos ciudadanos, destacaron los dirigentes regionales de la<br>colectividad, durante la ceremonia con la que se conmemor\u00f3 el cent\u00e9simo quincuag\u00e9simo<br>noveno (159) aniversario.<br>\u201cHa sido una buena oportunidad para reencontrarnos con nuestros correligionarios y<br>reconocer a 15 militantes de Magallanes por su contribuci\u00f3n en el servicio p\u00fablico, en la<br>educaci\u00f3n, en la salud, en las organizaciones sociales y comunitarias, y nos llena de alegr\u00eda<br>estar junto a ellos\u201d destac\u00f3 el presidente regional de los radicales, Rodolfo C\u00e1rdenas Alvarado.&nbsp;<br>En un emotivo encuentro de camarader\u00eda con el que se le dio realce a la tan significativa fecha,<br>la Directiva del Partido Radical de Magallanes entreg\u00f3&nbsp;reconocimientos a:&nbsp;&nbsp;<br>Juana del Carmen Mancilla Ampuero<br>Marta Vargas Toledo<br>Te\u00f3filo del Carmen Alonso Alonso<br>Juan Eduardo Adones Vel\u00e1squez<br>Pedro An\u00edbal Aranda Malt\u00e9s<br>Jorge Conejeras Montenegro&nbsp;<br>Eddie Francisco Chaura Chac\u00f3n<br>Juan Norberto Galindo D\u00edaz<br>Antonio Mauricio Garay Barrientos<br>Gabriel Gonz\u00e1lez Lillo<br>Floridor Navarro Y\u00e1\u00f1ez<br>Olga Cristina Cuyul Levicoy<br>Jos\u00e9 Abelardo Oyarzun Vel\u00e1squez&nbsp;<br>Julio Eduardo Gallardo Rodr\u00edguez<br>Finalmente C\u00e1rdenas,&nbsp;destac\u00f3 que \u201crecorrer la galer\u00eda de nuestra historia en Punta Arenas,<br>Cabo de Hornos, Puerto Natales y Porvenir nos coloca tambi\u00e9n con la responsabilidad de<br>continuar trabajando juntos para promover una sociedad m\u00e1s justa y fraterna, donde cada<br>hombre, mujer, ni\u00f1o y joven pueda alcanzar el mayor bienestar junto a sus familias, con una<br>remuneraci\u00f3n justa, acceder a educaci\u00f3n y salud p\u00fablica de calidad y oportuna,&nbsp;adem\u00e1s de<br>continuar promoviendo el emprendimiento y desarrollo regional, con un Estado al servicio de<br>las personas y las organizaciones sociales\u201d, enfatiz\u00f3.<\/p>\n","protected":false},"excerpt":{"rendered":"<p>Es dif\u00edcil condensar la importancia del Partido Radical (PR) y el legado de su historia social ypol\u00edtica en Chile y, particularmente, en la Regi\u00f3n de Magallanes, ya que sus ideas&#8230; <a class=\"read-more\" href=\"https:\/\/www.radiopresidenteibanez.cl\/web\/con-entrega-de-reconocimientos-a-militantes-destacados-partido-radical-en-magallanes-celebro-159-anos\/\">Leer m\u00e1s<\/a><\/p>\n","protected":false},"author":2,"featured_media":36065,"comment_status":"closed","ping_status":"closed","sticky":false,"template":"","format":"standard","meta":{"footnotes":""},"categories":[1],"tags":[],"class_list":["post-36064","post","type-post","status-publish","format-standard","has-post-thumbnail","hentry","category-cronica"],"_links":{"self":[{"href":"https:\/\/www.radiopresidenteibanez.cl\/web\/wp-json\/wp\/v2\/posts\/36064","targetHints":{"allow":["GET"]}}],"collection":[{"href":"https:\/\/www.radiopresidenteibanez.cl\/web\/wp-json\/wp\/v2\/posts"}],"about":[{"href":"https:\/\/www.radiopresidenteibanez.cl\/web\/wp-json\/wp\/v2\/types\/post"}],"author":[{"embeddable":true,"href":"https:\/\/www.radiopresidenteibanez.cl\/web\/wp-json\/wp\/v2\/users\/2"}],"replies":[{"embeddable":true,"href":"https:\/\/www.radiopresidenteibanez.cl\/web\/wp-json\/wp\/v2\/comments?post=36064"}],"version-history":[{"count":0,"href":"https:\/\/www.radiopresidenteibanez.cl\/web\/wp-json\/wp\/v2\/posts\/36064\/revisions"}],"wp:featuredmedia":[{"embeddable":true,"href":"https:\/\/www.radiopresidenteibanez.cl\/web\/wp-json\/wp\/v2\/media\/36065"}],"wp:attachment":[{"href":"https:\/\/www.radiopresidenteibanez.cl\/web\/wp-json\/wp\/v2\/media?parent=36064"}],"wp:term":[{"taxonomy":"category","embeddable":true,"href":"https:\/\/www.radiopresidenteibanez.cl\/web\/wp-json\/wp\/v2\/categories?post=36064"},{"taxonomy":"post_tag","embeddable":true,"href":"https:\/\/www.radiopresidenteibanez.cl\/web\/wp-json\/wp\/v2\/tags?post=36064"}],"curies":[{"name":"wp","href":"https:\/\/api.w.org\/{rel}","templated":true}]}}