{"id":36060,"date":"2022-12-28T19:49:00","date_gmt":"2022-12-28T22:49:00","guid":{"rendered":"https:\/\/www.radiopresidenteibanez.cl\/web\/?p=36060"},"modified":"2022-12-28T15:28:54","modified_gmt":"2022-12-28T18:28:54","slug":"seremi-de-la-mujer-y-pdi-presentan-sala-especialmente-habilitada-para-atender-casos-de-violencia-intrafamiliar","status":"publish","type":"post","link":"https:\/\/www.radiopresidenteibanez.cl\/web\/seremi-de-la-mujer-y-pdi-presentan-sala-especialmente-habilitada-para-atender-casos-de-violencia-intrafamiliar\/","title":{"rendered":"<strong>Seremi de la Mujer y PDI presentan sala especialmente habilitada para atender casos de violencia intrafamiliar<\/strong>"},"content":{"rendered":"\n<p>Este martes, la Seremi de la Mujer y la Equidad de G\u00e9nero de Magallanes en conjunto con la Polic\u00eda de Investigaciones de Chile y entidades del Circuito Intersectorial de Femicidio, presentaron una sala destinada a recibir las denuncias de Violencia Intrafamiliar, adem\u00e1s dieron a conocer a la comunidad las campa\u00f1as de sensibilizaci\u00f3n en torno a la violencia extrema hacia las mujeres, llamadas #S\u00edEsMiProblema y \u201cAlto, No M\u00e1s: Todos Juntos Contra el Femicidio\u201d.<\/p>\n\n\n\n<p>Al respecto, la Delegada Presidencial Luz Berm\u00fadez, se\u00f1al\u00f3 que \u201ces una campa\u00f1a para hacer conciencia acerca del femicidio, pero por sobre todo de c\u00f3mo nos podemos hacer cargo. S\u00ed es mi problema es una frase que hay que tener presente. Como vecino, vecina, como compa\u00f1ero y compa\u00f1era de trabajo podemos y debemos hacer algo. Todav\u00eda tenemos mucho que hacer como sociedad y la idea es que cada vez vayamos sensibilizando y entendiendo el femicidio como un problema grave y real\u201d.<\/p>\n\n\n\n<p>En tanto, la Seremi de la Mujer y la Equidad de G\u00e9nero, Alejandra Ruiz, indic\u00f3 que \u201ctodas estas actividades buscan visibilizar esta problem\u00e1tica como la violencia m\u00e1s extrema que est\u00e1n viviendo las mujeres y que puede terminar en un asesinato de una mujer por razones de g\u00e9nero. Es por eso que hoy d\u00eda estamos presentando esta campa\u00f1a y adem\u00e1s de un espacio seguro para denunciar\u201d.<\/p>\n\n\n\n<p>En Magallanes destaca el trabajo coordinado del Circuito Intersectorial de Femicidio, que busca activar a todo el aparato estatal en caso de la ocurrencia de este delito, y tambi\u00e9n propiciar espacios seguros para las mujeres que viven violencia y a sus entornos. Como parte de esta labor, la PDI efectu\u00f3 el llamado a la comunidad a denunciar y anunci\u00f3 la habilitaci\u00f3n de espacios seguros especialmente preparados para recibir estos casos.<\/p>\n\n\n\n<p>El subprefecto Jair Bravo, jefe de la Brigada de Homicidios Punta Arenas, hizo \u00e9nfasis en la importancia de denunciar, no s\u00f3lo por parte de las v\u00edctimas, sino que tambi\u00e9n del c\u00edrculo m\u00e1s cercano que haya sido testigo de hechos de violencia. \u201cComo PDI habilitamos una dependencia especial en el complejo policial de Punta Arenas para atender y acoger a las v\u00edctimas y oficiales de las unidades especializadas puedan recibirlas y tomar los primeros antecedentes para ponerlos a disposici\u00f3n del Ministerio P\u00fablico\u201d.<\/p>\n\n\n\n<p>La ley modifica diversos cuerpos legales para mejorar las garant\u00edas procesales, proteger los derechos de las v\u00edctimas de los delitos sexuales y evitar su revictimizaci\u00f3n. Esto, adem\u00e1s de tipificar los delitos de inducci\u00f3n al suicidio y el suicidio femicida. Alejandra Ruiz Ovando, Seremi de la Mujer y la Equidad de G\u00e9nero, destac\u00f3 adem\u00e1s la iniciativa de ley del Ejecutivo que busca endosar a todos los \u00f3rganos del Estado el articular medidas de protecci\u00f3n social con preferencia hacia estas v\u00edctimas y, adem\u00e1s, establecer una pensi\u00f3n para los hijos e hijas de mujeres v\u00edctimas de femicidios consumados.<\/p>\n","protected":false},"excerpt":{"rendered":"<p>Este martes, la Seremi de la Mujer y la Equidad de G\u00e9nero de Magallanes en conjunto con la Polic\u00eda de Investigaciones de Chile y entidades del Circuito Intersectorial de Femicidio,&#8230; <a class=\"read-more\" href=\"https:\/\/www.radiopresidenteibanez.cl\/web\/seremi-de-la-mujer-y-pdi-presentan-sala-especialmente-habilitada-para-atender-casos-de-violencia-intrafamiliar\/\">Leer m\u00e1s<\/a><\/p>\n","protected":false},"author":2,"featured_media":36061,"comment_status":"closed","ping_status":"closed","sticky":false,"template":"","format":"standard","meta":{"footnotes":""},"categories":[1],"tags":[],"class_list":["post-36060","post","type-post","status-publish","format-standard","has-post-thumbnail","hentry","category-cronica"],"_links":{"self":[{"href":"https:\/\/www.radiopresidenteibanez.cl\/web\/wp-json\/wp\/v2\/posts\/36060","targetHints":{"allow":["GET"]}}],"collection":[{"href":"https:\/\/www.radiopresidenteibanez.cl\/web\/wp-json\/wp\/v2\/posts"}],"about":[{"href":"https:\/\/www.radiopresidenteibanez.cl\/web\/wp-json\/wp\/v2\/types\/post"}],"author":[{"embeddable":true,"href":"https:\/\/www.radiopresidenteibanez.cl\/web\/wp-json\/wp\/v2\/users\/2"}],"replies":[{"embeddable":true,"href":"https:\/\/www.radiopresidenteibanez.cl\/web\/wp-json\/wp\/v2\/comments?post=36060"}],"version-history":[{"count":0,"href":"https:\/\/www.radiopresidenteibanez.cl\/web\/wp-json\/wp\/v2\/posts\/36060\/revisions"}],"wp:featuredmedia":[{"embeddable":true,"href":"https:\/\/www.radiopresidenteibanez.cl\/web\/wp-json\/wp\/v2\/media\/36061"}],"wp:attachment":[{"href":"https:\/\/www.radiopresidenteibanez.cl\/web\/wp-json\/wp\/v2\/media?parent=36060"}],"wp:term":[{"taxonomy":"category","embeddable":true,"href":"https:\/\/www.radiopresidenteibanez.cl\/web\/wp-json\/wp\/v2\/categories?post=36060"},{"taxonomy":"post_tag","embeddable":true,"href":"https:\/\/www.radiopresidenteibanez.cl\/web\/wp-json\/wp\/v2\/tags?post=36060"}],"curies":[{"name":"wp","href":"https:\/\/api.w.org\/{rel}","templated":true}]}}