{"id":36048,"date":"2022-12-28T15:08:00","date_gmt":"2022-12-28T18:08:00","guid":{"rendered":"https:\/\/www.radiopresidenteibanez.cl\/web\/?p=36048"},"modified":"2022-12-28T10:11:42","modified_gmt":"2022-12-28T13:11:42","slug":"autoridades-junto-a-coaniquem-y-carabineros-inician-campana-alto-al-fuego","status":"publish","type":"post","link":"https:\/\/www.radiopresidenteibanez.cl\/web\/autoridades-junto-a-coaniquem-y-carabineros-inician-campana-alto-al-fuego\/","title":{"rendered":"<strong>AUTORIDADES JUNTO A COANIQUEM Y CARABINEROS INICIAN CAMPA\u00d1A ALTO AL FUEGO<\/strong>"},"content":{"rendered":"\n<p>en dependencias de la corporaci\u00f3n de ayuda al ni\u00f1o quemado COANIQUEM, se realiz\u00f3 el lanzamiento de la campa\u00f1a denominada: \u201cAlto al Fuego\u201d, la cual tiene por finalidad, tomar conciencia y comprometer a la ciudadan\u00eda en su conjunto, para evitar accidentes por uso de fuegos pirot\u00e9cnicos en las fiestas de fin de a\u00f1o. Al respecto, se refiri\u00f3 la coordinadora regional de Coaniquem Sra. Rosa Z\u00fa\u00f1iga. \u201cPara nosotros es fundamental el tema de la no manipulaci\u00f3n de fuegos artificiales, sabemos que est\u00e1 prohibido por ley, por lo tanto es una preocupaci\u00f3n para Coaniquem. El pasado a\u00f1o tuvimos siete ni\u00f1os con quemaduras a nivel nacional. Ac\u00e1 en la regi\u00f3n no hubo casos. Es importante tomar conciencia de esta realidad y mantener esta cifra en cero. En nuestra regi\u00f3n se usan muchos las bengalas de salvataje que usan los pescadores, lo que puede generar no s\u00f3lo lesionados, sino tambi\u00e9n incendios. Queremos que sean fiestas para celebrar y no para lamentar.<\/p>\n\n\n\n<p>El Doctor Gustavo Alm\u00e1rcegui \u2013 Jefe del SAMU Magallanes menciona que las fiestas de fin de a\u00f1o en general son algo que lamentablemente escapan de lo bonito, de los festejos que pasan tambi\u00e9n a los accidentes. En navidad los accidentes son m\u00e1s bien de \u00edndole domiciliario, pero en a\u00f1o nuevo los accidentes aumentan mucho m\u00e1s, debido al consumo de alcohol. <strong>\u201c<em>No es necesario usar fuegos artificiales, las lesiones, quemaduras sobre todo en los ni\u00f1os son bastante frecuentes<\/em>\u201d<\/strong>. Nosotros manejamos estad\u00edsticas no menores. Esto no s\u00f3lo relacionado al uso de fuegos artificiales, sino porque nos distraemos, estamos festejando, entonces ocurren accidentes en el hogar, descuidando a los ni\u00f1os que se pueden quemar con un calentador, con l\u00edquidos calientes, etc. No hay que olvidar que en un ni\u00f1o una taza de caf\u00e9 caliente, puede comprometer hasta el cincuenta por ciento de su tasa corporal. Entonces, el llamado es a extremar el autocuidado.<\/p>\n\n\n\n<p>Ren\u00e9 Castro Cid \u2013 Seremi (S) de Justicia y DD.HH. y Director Regional del Servicio M\u00e9dico Legal, recuerda que debemos considerar que los fuegos artificiales est\u00e1n por ley prohibidos, s\u00f3lo pueden ser manipulados bajo ciertas acreditaciones. El llamado que hacemos a la comunidad es evitar el uso de estos fuegos de artificio, ya que no solamente infringen la ley, tambi\u00e9n exponen a sus ni\u00f1os, familias y a ellos mismos al riesgo de sufrir lesiones. Las p\u00e9rdidas por accidentes y siniestros pueden ser evitadas en la medida que se cumplan con las normas y las leyes establecidas.<\/p>\n\n\n\n<p>Por su parte, el Subteniente de Carabineros Jaime Fern\u00e1ndez Quilodr\u00e1n, encargado de la Oficina de la Autoridad Fiscalizadora Nro. 98 Control de Armas y Explosivos (OS-11) de la XII Zona de Carabineros, realiz\u00f3 el llamado desde la instituci\u00f3n policial:<\/p>\n\n\n\n<p>\u201cQueremos hacer un llamado a la comunidad, especialmente a los padres y madres de nuestra ciudad, para que est\u00e9n atentos en el cuidado de sus hijos e hijas, debido que en las fiestas de fin de a\u00f1o, algunas personas pueden llevar a cabo la venta ilegal de elementos de pirotecnia o fuegos de artificio\u201d. Si presencian estos hechos, pueden denunciar a Carabineros de forma an\u00f3nima, directamente a trav\u00e9s de los tel\u00e9fonos de su cuadrante respectivo o llamando al nivel 133.<\/p>\n\n\n\n<p>Nuestro llamado preventivo es a <strong>\u201c<em>No utilizar estos elementos, ya que su venta no regulada es ilegal, y reviste un peligro para la salud e integridad de las personas, particularmente de los m\u00e1s peque\u00f1itos de la casa\u201d<\/em><\/strong>. Adem\u00e1s, estos productos pueden causar graves da\u00f1os en la salud de las personas, al encontrarse en mal estado, o hacer una mala manipulaci\u00f3n de los mismos. Por otra parte, las condiciones clim\u00e1ticas de la zona, hacen que los fuegos artificiales sean un factor de alto riesgo para producir incendios y situaciones lamentables que podemos evitar entre todos.<\/p>\n\n\n\n<p>Finalmente, el Oficial Fern\u00e1ndez se\u00f1al\u00f3 que es importante decir que hasta la fecha, no ha sido autorizado por las autoridades ning\u00fan evento que contemple el uso regulado de fuegos de artificio. Por lo tanto, cualquier actividad relacionada, est\u00e1 dentro de los m\u00e1rgenes de la ilegalidad. De igual manera, no hemos recibido como autoridad fiscalizadora, ninguna solicitud formal para verificar medidas de seguridad y que la venta se realice como corresponde. Por esta raz\u00f3n, reiteramos una vez m\u00e1s, que debemos cuidarnos como familia y a nuestros hijos e hijas., finaliz\u00f3 el Oficial.-<\/p>\n","protected":false},"excerpt":{"rendered":"<p>en dependencias de la corporaci\u00f3n de ayuda al ni\u00f1o quemado COANIQUEM, se realiz\u00f3 el lanzamiento de la campa\u00f1a denominada: \u201cAlto al Fuego\u201d, la cual tiene por finalidad, tomar conciencia y&#8230; <a class=\"read-more\" href=\"https:\/\/www.radiopresidenteibanez.cl\/web\/autoridades-junto-a-coaniquem-y-carabineros-inician-campana-alto-al-fuego\/\">Leer m\u00e1s<\/a><\/p>\n","protected":false},"author":2,"featured_media":36049,"comment_status":"closed","ping_status":"closed","sticky":false,"template":"","format":"standard","meta":{"footnotes":""},"categories":[1],"tags":[],"class_list":["post-36048","post","type-post","status-publish","format-standard","has-post-thumbnail","hentry","category-cronica"],"_links":{"self":[{"href":"https:\/\/www.radiopresidenteibanez.cl\/web\/wp-json\/wp\/v2\/posts\/36048","targetHints":{"allow":["GET"]}}],"collection":[{"href":"https:\/\/www.radiopresidenteibanez.cl\/web\/wp-json\/wp\/v2\/posts"}],"about":[{"href":"https:\/\/www.radiopresidenteibanez.cl\/web\/wp-json\/wp\/v2\/types\/post"}],"author":[{"embeddable":true,"href":"https:\/\/www.radiopresidenteibanez.cl\/web\/wp-json\/wp\/v2\/users\/2"}],"replies":[{"embeddable":true,"href":"https:\/\/www.radiopresidenteibanez.cl\/web\/wp-json\/wp\/v2\/comments?post=36048"}],"version-history":[{"count":0,"href":"https:\/\/www.radiopresidenteibanez.cl\/web\/wp-json\/wp\/v2\/posts\/36048\/revisions"}],"wp:featuredmedia":[{"embeddable":true,"href":"https:\/\/www.radiopresidenteibanez.cl\/web\/wp-json\/wp\/v2\/media\/36049"}],"wp:attachment":[{"href":"https:\/\/www.radiopresidenteibanez.cl\/web\/wp-json\/wp\/v2\/media?parent=36048"}],"wp:term":[{"taxonomy":"category","embeddable":true,"href":"https:\/\/www.radiopresidenteibanez.cl\/web\/wp-json\/wp\/v2\/categories?post=36048"},{"taxonomy":"post_tag","embeddable":true,"href":"https:\/\/www.radiopresidenteibanez.cl\/web\/wp-json\/wp\/v2\/tags?post=36048"}],"curies":[{"name":"wp","href":"https:\/\/api.w.org\/{rel}","templated":true}]}}