{"id":36042,"date":"2022-12-28T12:29:00","date_gmt":"2022-12-28T15:29:00","guid":{"rendered":"https:\/\/www.radiopresidenteibanez.cl\/web\/?p=36042"},"modified":"2022-12-28T10:01:41","modified_gmt":"2022-12-28T13:01:41","slug":"congreso-abordo-necesidad-de-avanzar-en-tener-especializaciones-en-costos","status":"publish","type":"post","link":"https:\/\/www.radiopresidenteibanez.cl\/web\/congreso-abordo-necesidad-de-avanzar-en-tener-especializaciones-en-costos\/","title":{"rendered":"<strong>Congreso abord\u00f3 necesidad de avanzar\u00a0en tener especializaciones en costos<\/strong>"},"content":{"rendered":"\n<p>\u201cLos desaf\u00edos son seguir visualizando o mostrando a la comunidad lo que es la disciplina de costos y gesti\u00f3n\u201d, se\u00f1al\u00f3 Estela Rodr\u00edguez Quezada, presidenta del Instituto Chileno de Costos y acad\u00e9mica de la Universidad del Bio B\u00edo, al concluir el IV Congreso de Gesti\u00f3n y Costos que este a\u00f1o se realiz\u00f3 en la Universidad de Magallanes.<\/p>\n\n\n\n<p>Estela Rodr\u00edguez recalc\u00f3 la necesidad de seguir encantando a mucha m\u00e1s gente interesada en esta disciplina. \u201cLos costos no es algo que sea de inter\u00e9s de muchas personas, entonces lo que queremos hacer es que m\u00e1s gente se interese\u201d.<\/p>\n\n\n\n<p>El encuentro fue organizado por el Instituto Chileno de Costos, que naci\u00f3 en 2019 con ocasi\u00f3n de su primer encuentro realizado en la Universidad del Bio-B\u00edo. Si bien comenz\u00f3 con acad\u00e9micos de universidades del sur de Chile como Talca, Cat\u00f3lica de Temuco, B\u00edoB\u00edo, de La Frontera, Los Lagos y de Magallanes, ha motivado a que tambi\u00e9n las propias instituciones se hayan ido integrado a esta organizaci\u00f3n que ya est\u00e1 adherida al Instituto Internacional de Costos.<\/p>\n\n\n\n<p>La pandemia oblig\u00f3 a que el segundo y tercer congreso se realizar\u00e1n de manera virtual y el IV congreso fue de manera h\u00edbrida, con la presencia de participantes y otros que no pudieron viajar hasta Punta Arenas siguieron el detalles de las ponencias de manera virtual.<\/p>\n\n\n\n<p>Respecto a la posibilidad de formar a especialistas de costos y la demanda laboral de empresas por contar con personas preparadas en esta disciplina, la acad\u00e9mica Estela Rodr\u00edguez expres\u00f3: \u201cSi pensamos en Chile no hay diplomados en costos, especializaciones en costos. Los costos en s\u00ed se ven como una o dos asignaturas dentro de un plan de estudios gen\u00e9rico que es la formaci\u00f3n del contador p\u00fablico y auditor o el ingeniero comercial que tiene a lo sumo un costo, entonces no hay especialistas que trabajen o vengan formados de base ya con lo que es el tema de costo y gesti\u00f3n\u201d.<\/p>\n\n\n\n<p>Dijo que \u201cgeneralmente la formaci\u00f3n que traen de base es muy b\u00e1sica, que les permite calcular costos, pero si se quiere hacer una gesti\u00f3n mucho m\u00e1s all\u00e1 de lo que es la estrat\u00e9gica de costos no haya especialistas en esa \u00e1rea en Chile\u201d.<\/p>\n\n\n\n<p>Para el acad\u00e9mico de la Universidad de Magallanes y miembro fundador del Instituto Chileno de Costos, Hern\u00e1n Rocha, uno de los integrantes del comit\u00e9 organizador del evento, precis\u00f3 que \u201corganizar este congreso pas\u00f3 a lo menos por tres fases. Virtual, despu\u00e9s totalmente presencial y despu\u00e9s h\u00edbrido y eso lo hace m\u00e1s complejo. La gran satisfacci\u00f3n es que se cumpli\u00f3 con la normalidad del proceso del congreso. De 14 ponencias que llegaron se presentaron 9 v\u00eda c\u00e1psulas o presenciales y se tuvo la conversaci\u00f3n que se transmit\u00eda. Tuvimos tres exponentes excelentes de la Universidad de Antioquia, de la gerencia de Enap y de la gerencia de HIF\u201d.<\/p>\n","protected":false},"excerpt":{"rendered":"<p>\u201cLos desaf\u00edos son seguir visualizando o mostrando a la comunidad lo que es la disciplina de costos y gesti\u00f3n\u201d, se\u00f1al\u00f3 Estela Rodr\u00edguez Quezada, presidenta del Instituto Chileno de Costos y&#8230; <a class=\"read-more\" href=\"https:\/\/www.radiopresidenteibanez.cl\/web\/congreso-abordo-necesidad-de-avanzar-en-tener-especializaciones-en-costos\/\">Leer m\u00e1s<\/a><\/p>\n","protected":false},"author":2,"featured_media":36043,"comment_status":"closed","ping_status":"closed","sticky":false,"template":"","format":"standard","meta":{"footnotes":""},"categories":[1],"tags":[],"class_list":["post-36042","post","type-post","status-publish","format-standard","has-post-thumbnail","hentry","category-cronica"],"_links":{"self":[{"href":"https:\/\/www.radiopresidenteibanez.cl\/web\/wp-json\/wp\/v2\/posts\/36042","targetHints":{"allow":["GET"]}}],"collection":[{"href":"https:\/\/www.radiopresidenteibanez.cl\/web\/wp-json\/wp\/v2\/posts"}],"about":[{"href":"https:\/\/www.radiopresidenteibanez.cl\/web\/wp-json\/wp\/v2\/types\/post"}],"author":[{"embeddable":true,"href":"https:\/\/www.radiopresidenteibanez.cl\/web\/wp-json\/wp\/v2\/users\/2"}],"replies":[{"embeddable":true,"href":"https:\/\/www.radiopresidenteibanez.cl\/web\/wp-json\/wp\/v2\/comments?post=36042"}],"version-history":[{"count":0,"href":"https:\/\/www.radiopresidenteibanez.cl\/web\/wp-json\/wp\/v2\/posts\/36042\/revisions"}],"wp:featuredmedia":[{"embeddable":true,"href":"https:\/\/www.radiopresidenteibanez.cl\/web\/wp-json\/wp\/v2\/media\/36043"}],"wp:attachment":[{"href":"https:\/\/www.radiopresidenteibanez.cl\/web\/wp-json\/wp\/v2\/media?parent=36042"}],"wp:term":[{"taxonomy":"category","embeddable":true,"href":"https:\/\/www.radiopresidenteibanez.cl\/web\/wp-json\/wp\/v2\/categories?post=36042"},{"taxonomy":"post_tag","embeddable":true,"href":"https:\/\/www.radiopresidenteibanez.cl\/web\/wp-json\/wp\/v2\/tags?post=36042"}],"curies":[{"name":"wp","href":"https:\/\/api.w.org\/{rel}","templated":true}]}}