{"id":3604,"date":"2019-04-23T14:38:31","date_gmt":"2019-04-23T14:38:31","guid":{"rendered":"http:\/\/www.radiopresidenteibanez.cl\/web\/?p=3604"},"modified":"2019-04-23T14:39:03","modified_gmt":"2019-04-23T14:39:03","slug":"municipio-natalino-difundio-campana-de-reciclaje-visitando-tres-nuevas-plazas-de-juegos-infantiles","status":"publish","type":"post","link":"https:\/\/www.radiopresidenteibanez.cl\/web\/municipio-natalino-difundio-campana-de-reciclaje-visitando-tres-nuevas-plazas-de-juegos-infantiles\/","title":{"rendered":"MUNICIPIO NATALINO DIFUNDI\u00d3 CAMPA\u00d1A DE RECICLAJE VISITANDO TRES NUEVAS PLAZAS DE JUEGOS INFANTILES"},"content":{"rendered":"\n<p>En el marco de la pascua de resurrecci\u00f3n,\nel Concejo Municipal de Natales junto al alcalde de la comuna Fernando Paredes\nMansilla y la gobernadora provincial de \u00daltima Esperanza Ana Mayorga,\nparticiparon en la entrega oficial de las plazas Antillanca, Ray\u00e9n y Padre\nPinilla, repartiendo huevos de chocolate a los ni\u00f1os que contribuyeron al tren\ndel reciclaje con pl\u00e1sticos, latas y papel. <\/p>\n\n\n\n<p>La inauguraci\u00f3n de estas plazas\nes parte de un programa impulsado por la comuna para recuperar espacios\np\u00fablicos y transformarlos en un punto de reuni\u00f3n de los vecinos de cada\npoblaci\u00f3n, con la instalaci\u00f3n de sillas y juegos infantiles, espacios que\npermiten el desarrollo de los ni\u00f1os en su recreaci\u00f3n.<\/p>\n\n\n\n<p>El alcalde de Natales, Fernando\nParedes Mansilla, agradeci\u00f3 el compromiso de los ni\u00f1os con el medio ambiente y\nsu claridad frente a c\u00f3mo reciclar en cada poblaci\u00f3n. \u201cnos interesa mucho\ntrabajar con los ni\u00f1os, porque lo que el tren del reciclaje persigue es que\nestos ni\u00f1os hablen con sus pap\u00e1s, con sus t\u00edos, con sus hermanos, con sus\nvecinos y empecemos a comprometer y lograr un compromiso con todo el vecindario\nde esta poblaci\u00f3n\u201d. <\/p>\n\n\n\n<p>En la actividad, la gobernadora\nde la provincia de \u00daltima Esperanza, Ana Mayorga Bahamonde, manifest\u00f3 que \u201cno\nsolamente es importante la recuperaci\u00f3n de estos lugares, sino que tambi\u00e9n el\ncuidado de ellos y el cuidado del medio ambiente, es por eso que hoy d\u00eda se\nest\u00e1 presentando a la comunidad este tren del reciclaje que fue un proyecto\nmedio ambiental que se gan\u00f3 el municipio de Puerto Natales, y que tambi\u00e9n est\u00e1\nsiendo utilizado en los distintos colegios para que los ni\u00f1os reciclen papel,\npl\u00e1stico y latas de aluminio\u201d.<\/p>\n\n\n\n<p>Los ni\u00f1os y familias que se\nacercaron al lugar pudieron recibir una capacitaci\u00f3n por parte de funcionarios\nde la Unidad de Medio Ambiente, explicando la forma en que deben verter en los\ncontenedores las latas, botellas y papel, lo que permite agilizar el proceso de\nlimpieza realizado por dicha unidad antes de su env\u00edo a la planta de reciclaje\nen Puerto Montt.<\/p>\n\n\n\n<p>La caravana cont\u00f3 con la presencia de los concejales Jos\u00e9 Cuyul, Francisca Molinet, Guillermo Ruiz y Ver\u00f3nica P\u00e9rez, los cuales destacaron que la actividad tuvo como fin incentivar a los ni\u00f1os a que participen del reciclaje y motiven a los dem\u00e1s. El cuerpo de concejales coincidi\u00f3 que siempre trabajan en conjunto como concejo municipal para apoyar las iniciativas que beneficien a todos los natalinos.<\/p>\n\n\n\n<figure class=\"wp-block-image\"><img loading=\"lazy\" decoding=\"async\" width=\"1024\" height=\"683\" src=\"https:\/\/www.radiopresidenteibanez.cl\/web\/wp-content\/uploads\/2019\/04\/039A2551-1024x683.jpg\" alt=\"\" class=\"wp-image-3605\" srcset=\"https:\/\/www.radiopresidenteibanez.cl\/web\/wp-content\/uploads\/2019\/04\/039A2551.jpg 1024w, https:\/\/www.radiopresidenteibanez.cl\/web\/wp-content\/uploads\/2019\/04\/039A2551-300x200.jpg 300w, https:\/\/www.radiopresidenteibanez.cl\/web\/wp-content\/uploads\/2019\/04\/039A2551-768x512.jpg 768w\" sizes=\"auto, (max-width: 1024px) 100vw, 1024px\" \/><\/figure>\n","protected":false},"excerpt":{"rendered":"<p>En el marco de la pascua de resurrecci\u00f3n, el Concejo Municipal de Natales junto al alcalde de la comuna Fernando Paredes Mansilla y la gobernadora provincial de \u00daltima Esperanza Ana&#8230; <a class=\"read-more\" href=\"https:\/\/www.radiopresidenteibanez.cl\/web\/municipio-natalino-difundio-campana-de-reciclaje-visitando-tres-nuevas-plazas-de-juegos-infantiles\/\">Leer m\u00e1s<\/a><\/p>\n","protected":false},"author":2,"featured_media":3605,"comment_status":"closed","ping_status":"closed","sticky":false,"template":"","format":"standard","meta":{"footnotes":""},"categories":[1],"tags":[],"class_list":["post-3604","post","type-post","status-publish","format-standard","has-post-thumbnail","hentry","category-cronica"],"_links":{"self":[{"href":"https:\/\/www.radiopresidenteibanez.cl\/web\/wp-json\/wp\/v2\/posts\/3604","targetHints":{"allow":["GET"]}}],"collection":[{"href":"https:\/\/www.radiopresidenteibanez.cl\/web\/wp-json\/wp\/v2\/posts"}],"about":[{"href":"https:\/\/www.radiopresidenteibanez.cl\/web\/wp-json\/wp\/v2\/types\/post"}],"author":[{"embeddable":true,"href":"https:\/\/www.radiopresidenteibanez.cl\/web\/wp-json\/wp\/v2\/users\/2"}],"replies":[{"embeddable":true,"href":"https:\/\/www.radiopresidenteibanez.cl\/web\/wp-json\/wp\/v2\/comments?post=3604"}],"version-history":[{"count":0,"href":"https:\/\/www.radiopresidenteibanez.cl\/web\/wp-json\/wp\/v2\/posts\/3604\/revisions"}],"wp:featuredmedia":[{"embeddable":true,"href":"https:\/\/www.radiopresidenteibanez.cl\/web\/wp-json\/wp\/v2\/media\/3605"}],"wp:attachment":[{"href":"https:\/\/www.radiopresidenteibanez.cl\/web\/wp-json\/wp\/v2\/media?parent=3604"}],"wp:term":[{"taxonomy":"category","embeddable":true,"href":"https:\/\/www.radiopresidenteibanez.cl\/web\/wp-json\/wp\/v2\/categories?post=3604"},{"taxonomy":"post_tag","embeddable":true,"href":"https:\/\/www.radiopresidenteibanez.cl\/web\/wp-json\/wp\/v2\/tags?post=3604"}],"curies":[{"name":"wp","href":"https:\/\/api.w.org\/{rel}","templated":true}]}}