{"id":36012,"date":"2022-12-27T12:49:00","date_gmt":"2022-12-27T15:49:00","guid":{"rendered":"https:\/\/www.radiopresidenteibanez.cl\/web\/?p=36012"},"modified":"2022-12-27T09:44:42","modified_gmt":"2022-12-27T12:44:42","slug":"magallanes-fue-la-region-con-mayor-crecimiento-del-pib-en-el-tercer-trimestre-del-2022","status":"publish","type":"post","link":"https:\/\/www.radiopresidenteibanez.cl\/web\/magallanes-fue-la-region-con-mayor-crecimiento-del-pib-en-el-tercer-trimestre-del-2022\/","title":{"rendered":"<strong>Magallanes fue la regi\u00f3n con mayor crecimiento del PIB en el tercer trimestre del 2022<\/strong>"},"content":{"rendered":"\n<p>El PIB Regional es el Indicador econ\u00f3mico que traduce el valor monetario de los bienes\/servicios producidos a nivel regional durante un determinado periodo de tiempo, es decir, nos permite medir la generaci\u00f3n de riqueza en un territorio, en este caso en el per\u00edodo de Julio a Septiembre de 2022.<\/p>\n\n\n\n<p>De acuerdo con la informaci\u00f3n preliminar de las Cuentas Nacionales entregado por el Banco Central, durante el tercer trimestre del a\u00f1o 2022, el producto interno bruto (PIB) creci\u00f3 en once de las diecis\u00e9is regiones del pa\u00eds, totalizando un aumento de 0,3% para el pa\u00eds.<\/p>\n\n\n\n<p>La regi\u00f3n con mayor crecimiento del PIB fue Magallanes, reflej\u00e1ndose en un aumento del 3,3%, impulsado principalmente por las actividades de servicios.<\/p>\n\n\n\n<p>Magallanes es una regi\u00f3n donde los servicios, ya sean estos financieros, empresariales, personales y otros aportan alrededor del 30% al PIB regional siendo el de mayor importancia, la manufactura alrededor de un 22%, la pesca y acuicultura un 7%.<\/p>\n\n\n\n<p>Este incremento del 3,3% en el PIB Regional significa que la econom\u00eda de Magallanes est\u00e1 mejorando, est\u00e1 creciendo. Este repunte de la actividad econ\u00f3mica ha significado que para el trimestre m\u00f3vil agosto &#8211; octubre 2022, la estimaci\u00f3n de la tasa de desocupaci\u00f3n regional fue de 5,4%, disminuyendo 0,1 puntos porcentuales (pp.) en doce meses, cabe recordar que la tasa nacional es de 8%.<\/p>\n\n\n\n<p>La estimaci\u00f3n de personas ocupadas creci\u00f3 4,3%, incidida por el aumento en las mujeres (7,8%) y en los hombres (1,7%), el crecimiento de la poblaci\u00f3n ocupada se debi\u00f3, principalmente, a las personas trabajadoras por cuenta propia (17,0%).<\/p>\n\n\n\n<p>Para la Seremi de Econom\u00eda, Fomento y Turismo de la regi\u00f3n de Magallanes y de la Ant\u00e1rtica Chilena, Ruth Saieh Latrach, estas buenas cifras dan cuenta que, a pesar de estar en un per\u00edodo econ\u00f3micamente dif\u00edcil a nivel nacional e internacional, la econom\u00eda de Magallanes ha sido capaz de responder adecuadamente, la alta inversi\u00f3n p\u00fablica que se ha venido realizando estos \u00faltimos meses han impulsado en gran medida este crecimiento, esperamos adem\u00e1s en estos meses que la renta per c\u00e1pita aumente, que los agentes econ\u00f3micos se inclinen m\u00e1s a gastar en lugar de ahorrar y finalmente tendremos un aumento de los ingresos fiscales debido a una mayor recaudaci\u00f3n de impuestos lo que le permitir\u00e1 al Estado seguir destinando recursos a otras acciones, como por ejemplo: seguridad social\u201d indic\u00f3.<\/p>\n","protected":false},"excerpt":{"rendered":"<p>El PIB Regional es el Indicador econ\u00f3mico que traduce el valor monetario de los bienes\/servicios producidos a nivel regional durante un determinado periodo de tiempo, es decir, nos permite medir&#8230; <a class=\"read-more\" href=\"https:\/\/www.radiopresidenteibanez.cl\/web\/magallanes-fue-la-region-con-mayor-crecimiento-del-pib-en-el-tercer-trimestre-del-2022\/\">Leer m\u00e1s<\/a><\/p>\n","protected":false},"author":2,"featured_media":36013,"comment_status":"closed","ping_status":"closed","sticky":false,"template":"","format":"standard","meta":{"footnotes":""},"categories":[1],"tags":[],"class_list":["post-36012","post","type-post","status-publish","format-standard","has-post-thumbnail","hentry","category-cronica"],"_links":{"self":[{"href":"https:\/\/www.radiopresidenteibanez.cl\/web\/wp-json\/wp\/v2\/posts\/36012","targetHints":{"allow":["GET"]}}],"collection":[{"href":"https:\/\/www.radiopresidenteibanez.cl\/web\/wp-json\/wp\/v2\/posts"}],"about":[{"href":"https:\/\/www.radiopresidenteibanez.cl\/web\/wp-json\/wp\/v2\/types\/post"}],"author":[{"embeddable":true,"href":"https:\/\/www.radiopresidenteibanez.cl\/web\/wp-json\/wp\/v2\/users\/2"}],"replies":[{"embeddable":true,"href":"https:\/\/www.radiopresidenteibanez.cl\/web\/wp-json\/wp\/v2\/comments?post=36012"}],"version-history":[{"count":0,"href":"https:\/\/www.radiopresidenteibanez.cl\/web\/wp-json\/wp\/v2\/posts\/36012\/revisions"}],"wp:featuredmedia":[{"embeddable":true,"href":"https:\/\/www.radiopresidenteibanez.cl\/web\/wp-json\/wp\/v2\/media\/36013"}],"wp:attachment":[{"href":"https:\/\/www.radiopresidenteibanez.cl\/web\/wp-json\/wp\/v2\/media?parent=36012"}],"wp:term":[{"taxonomy":"category","embeddable":true,"href":"https:\/\/www.radiopresidenteibanez.cl\/web\/wp-json\/wp\/v2\/categories?post=36012"},{"taxonomy":"post_tag","embeddable":true,"href":"https:\/\/www.radiopresidenteibanez.cl\/web\/wp-json\/wp\/v2\/tags?post=36012"}],"curies":[{"name":"wp","href":"https:\/\/api.w.org\/{rel}","templated":true}]}}