{"id":36009,"date":"2022-12-27T11:37:00","date_gmt":"2022-12-27T14:37:00","guid":{"rendered":"https:\/\/www.radiopresidenteibanez.cl\/web\/?p=36009"},"modified":"2022-12-27T08:57:38","modified_gmt":"2022-12-27T11:57:38","slug":"servicio-local-de-educacion-publica-de-magallanes-define-principales-necesidades-de-las-escuelas-en-zonas-aisladas-de-tierra-del-fuego","status":"publish","type":"post","link":"https:\/\/www.radiopresidenteibanez.cl\/web\/servicio-local-de-educacion-publica-de-magallanes-define-principales-necesidades-de-las-escuelas-en-zonas-aisladas-de-tierra-del-fuego\/","title":{"rendered":"<strong>SERVICIO LOCAL DE EDUCACI\u00d3N P\u00daBLICA DE MAGALLANES DEFINE PRINCIPALES NECESIDADES DE LAS ESCUELAS EN ZONAS AISLADAS DE TIERRA DEL FUEGO\u00a0<\/strong>"},"content":{"rendered":"\n<p>En una intensa agenda llevada a cabo en la provincia de Tierra del Fuego, el Servicio Local de Educaci\u00f3n P\u00fablica de Magallanes visit\u00f3 la&nbsp;<strong>Escuela Cerro Sombrero<\/strong>, instancia en que el director ejecutivo, Mario Garc\u00eda Mart\u00ednez, pudo conversar con docentes y asistentes de la educaci\u00f3n, informando no s\u00f3lo del proceso de traspaso de los establecimientos municipales al SLEP Magallanes sino adem\u00e1s informar sobre la reci\u00e9n aprobada Ley Miscel\u00e1nea.<\/p>\n\n\n\n<p>\u201cEsta ley, que posterga en un a\u00f1o el traspaso del servicio educativo al 1 de enero de 2024, nos permitir\u00e1 trabajar con el tiempo suficiente para dar soluci\u00f3n a los asuntos importantes y urgentes que se requieren para el funcionamiento del sistema educativo, para el trabajo de las y los docentes. Durante todo el 2023 podremos trabajar con los distintos actores, seguir levantando las principales necesidades y requerimientos de las comunidades educativas\u201d, inform\u00f3 Mario Garc\u00eda.<\/p>\n\n\n\n<p>Con esta buena noticia, el director ejecutivo del Servicio Local de Educaci\u00f3n P\u00fablica de Magallanes&nbsp;&nbsp;inici\u00f3 su exposici\u00f3n ante los docentes y asistentes de la educaci\u00f3n de esta comuna, que laboran en el \u00fanico establecimiento activo en la comuna de Primavera, escuela que se ha convertido en un espacio de gran importancia para la localidad y la comunidad en general, ya que en torno a \u00e9ste se desarrollan las diversas actividades comunales lo que, desde la creaci\u00f3n de la Sala de Uso M\u00faltiple, ha pasado a ser un espacio activo de la comunidad en donde se desarrollan actividades del tipo deportivo, cultural y social.<\/p>\n\n\n\n<p>En la reuni\u00f3n,&nbsp;<strong>Lorena Burgos, directora de la escuela Cerro Sombrero<\/strong>, valor\u00f3 la presencia de la autoridad del Servicio Local y agradeci\u00f3 la oportunidad de resolver personalmente las dudas sobre este nuevo servicio. \u201cPudimos aclarar c\u00f3mo ser\u00e1 el proceso de traspaso de esta escuela al nuevo servicio local de educaci\u00f3n y c\u00f3mo tendremos que prepararnos desde ahora en lo que se viene. Nos pareci\u00f3 importante que se haya definido la Ley Miscel\u00e1nea, que despeja las principales inquietudes que ten\u00edan los colegas. Fue bueno poder coincidir con el director del SLEP respecto de las necesidades que esta escuela presenta al ser un establecimiento rural con una din\u00e1mica muy particular, al estar inserta en una isla y en un contexto especial en cuanto a las condiciones de vida\u201d.<\/p>\n\n\n\n<p>La Escuela de Cerro Sombrero fue creada en el a\u00f1o 1958 y actualmente es administrada por la Municipalidad de Primavera. Cuenta con una matr\u00edcula de 65 alumnos para el 2023, en los niveles de prek\u00ednder a octavo b\u00e1sico. Su planta la componen 10 profesores, contando adem\u00e1s con profesionales PIE como psicopedagoga, psic\u00f3loga, educadora diferencial y fonoaudi\u00f3loga. Tambi\u00e9n se suman 4 asistentes de servicios menores y 1 conductor que realiza el traslado de estudiantes que provienen de las estancias cercanas.<\/p>\n\n\n\n<p>\u201cLlegar hasta Tierra del Fuego nos permite dimensionar la dificultad que reviste hacer clases en esta escuela ubicada a 125 Kil\u00f3metros de la ciudad de Porvenir. Es una escuela que se inserta en una zona de mucho aislamiento, a la que se puede acceder cruzando el Estrecho de Magallanes y sumando extensos viajes por tierra. Por tanto, debemos poner una mirada especial en estas zonas en donde nuestros ni\u00f1os y ni\u00f1as tambi\u00e9n merecen una educaci\u00f3n equitativa y de calidad\u201d, dijo Mario Garc\u00eda Mart\u00ednez.<\/p>\n\n\n\n<p>En la actividad tambi\u00e9n participaron las educadoras del Jard\u00edn Infantil \u201cPastorcitos\u201d (VTF) que alberga a 10 ni\u00f1os que asisten diariamente a la sala cuna.&nbsp;&nbsp;&nbsp;<\/p>\n","protected":false},"excerpt":{"rendered":"<p>En una intensa agenda llevada a cabo en la provincia de Tierra del Fuego, el Servicio Local de Educaci\u00f3n P\u00fablica de Magallanes visit\u00f3 la&nbsp;Escuela Cerro Sombrero, instancia en que el&#8230; <a class=\"read-more\" href=\"https:\/\/www.radiopresidenteibanez.cl\/web\/servicio-local-de-educacion-publica-de-magallanes-define-principales-necesidades-de-las-escuelas-en-zonas-aisladas-de-tierra-del-fuego\/\">Leer m\u00e1s<\/a><\/p>\n","protected":false},"author":2,"featured_media":36010,"comment_status":"closed","ping_status":"closed","sticky":false,"template":"","format":"standard","meta":{"footnotes":""},"categories":[1],"tags":[],"class_list":["post-36009","post","type-post","status-publish","format-standard","has-post-thumbnail","hentry","category-cronica"],"_links":{"self":[{"href":"https:\/\/www.radiopresidenteibanez.cl\/web\/wp-json\/wp\/v2\/posts\/36009","targetHints":{"allow":["GET"]}}],"collection":[{"href":"https:\/\/www.radiopresidenteibanez.cl\/web\/wp-json\/wp\/v2\/posts"}],"about":[{"href":"https:\/\/www.radiopresidenteibanez.cl\/web\/wp-json\/wp\/v2\/types\/post"}],"author":[{"embeddable":true,"href":"https:\/\/www.radiopresidenteibanez.cl\/web\/wp-json\/wp\/v2\/users\/2"}],"replies":[{"embeddable":true,"href":"https:\/\/www.radiopresidenteibanez.cl\/web\/wp-json\/wp\/v2\/comments?post=36009"}],"version-history":[{"count":0,"href":"https:\/\/www.radiopresidenteibanez.cl\/web\/wp-json\/wp\/v2\/posts\/36009\/revisions"}],"wp:featuredmedia":[{"embeddable":true,"href":"https:\/\/www.radiopresidenteibanez.cl\/web\/wp-json\/wp\/v2\/media\/36010"}],"wp:attachment":[{"href":"https:\/\/www.radiopresidenteibanez.cl\/web\/wp-json\/wp\/v2\/media?parent=36009"}],"wp:term":[{"taxonomy":"category","embeddable":true,"href":"https:\/\/www.radiopresidenteibanez.cl\/web\/wp-json\/wp\/v2\/categories?post=36009"},{"taxonomy":"post_tag","embeddable":true,"href":"https:\/\/www.radiopresidenteibanez.cl\/web\/wp-json\/wp\/v2\/tags?post=36009"}],"curies":[{"name":"wp","href":"https:\/\/api.w.org\/{rel}","templated":true}]}}