{"id":36,"date":"2018-12-24T20:27:14","date_gmt":"2018-12-24T20:27:14","guid":{"rendered":"http:\/\/www.radiopresidenteibanez.cl\/web\/?p=36"},"modified":"2018-12-24T20:30:49","modified_gmt":"2018-12-24T20:30:49","slug":"chile-y-argentina-se-reunen-para-coordinar-acciones-conjuntas-en-torno-a-la-gestion-del-castor-en-bosques-y-cuencas-fronterizas","status":"publish","type":"post","link":"https:\/\/www.radiopresidenteibanez.cl\/web\/chile-y-argentina-se-reunen-para-coordinar-acciones-conjuntas-en-torno-a-la-gestion-del-castor-en-bosques-y-cuencas-fronterizas\/","title":{"rendered":"CHILE Y ARGENTINA SE RE\u00daNEN PARA COORDINAR ACCIONES CONJUNTAS EN TORNO A LA GESTI\u00d3N DEL CASTOR EN BOSQUES Y CUENCAS FRONTERIZAS"},"content":{"rendered":"\n<p>\nEntre los d\u00edas 13 y \n14 de diciembre pasado, en el marco del Proyecto GEF Castor de Chile y \nel componente castor del Proyecto GEF de Especies Ex\u00f3ticas de Argentina,\n se reunieron en Punta Arenas representantes de los organismos e \ninstituciones vinculados a ambos proyectos en un taller binacional. En \nel encuentro, los asistentes compartieron informaci\u00f3n t\u00e9cnica y \ncoordinaron acciones en torno a la gesti\u00f3n del castor.\n<br>Uno de los objetivos fundamentales del taller fue afianzar las \nrelaciones entre las instituciones medioambientales chilenas y \nargentinas, de manera de fijar protocolos de acci\u00f3n para que una vez que\n los dos proyectos lleguen a su etapa c\u00falmine, quede definido de qu\u00e9 \nmanera ambos pa\u00edses a trav\u00e9s de sus instituci\u00f3nes abordar\u00e1n la \nproblem\u00e1tica del castor en el futuro. \n<br>Tras el taller, la oficial t\u00e9cnico l\u00edder de la Organizaci\u00f3n de las \nNaciones Unidas para la Alimentaci\u00f3n y la Agricultura (FAO Chile), Hivy \nOrt\u00edz coment\u00f3 que \u201cpara abordar un tema tan complejo como el de las \nespecies ex\u00f3ticas invasoras, es vital que el esfuerzo se haga de manera \ncolaborativa e integral entre los pa\u00edses, instituciones y sociedad \ncivil, porque los problemas de salud, ambientales y sociales que las \nespecies ex\u00f3ticas invasoras generan, afectan a todos\u201d. Y agreg\u00f3 que para\n evitar la expansi\u00f3n del castor hacia el continente resulta clave \ncomenzar a trabajar a la brevedad en medidas de alerta temprana y \ngesti\u00f3n del territorio. \u201cUna vez que el problema se instala, los \nprogramas de erradicaci\u00f3n requieren de inversiones m\u00e1s altas y se \npresentan dificultades mayores para comprobar la efectividad de estos. \nEl gran esfuerzo, entonces, debe ser instalar medidas necesarias para \nque la invasi\u00f3n no se produzca, identificando sitios vulnerables y \nactuando de forma inmediata\u201d, subray\u00f3 Ort\u00edz.\n<br>Al respecto, el secretario de Pol\u00edtica Ambiental en Recursos \nNaturales de la Secretar\u00eda Nacional de Ambiente de Argentina, Diego \nMoreno, se refiri\u00f3 a la importancia de realizar estas actividades \nconjuntas: \u201cLa idea es contar con estrategias coordinadas para que el \nesfuerzo que se haga en ambos lados de la frontera sea lo m\u00e1s efectivo y\n eficiente posible, de manera de lograr la recomposici\u00f3n de los \necosistemas nativos de los dos pa\u00edses\u201d.\n<br>En cuanto a las lecciones aprendidas, Mauro P\u00e9rez, secretario de \nEstado de Ambiente, Desarrollo Sustentable y Cambio Clim\u00e1tico del \nGobierno de Tierra del Fuego y Ant\u00e1rtida e Islas del Atl\u00e1ntico Sur, \ndestac\u00f3 que en su experiencia con el Proyecto GEF argentino, uno de los \npuntos m\u00e1s complejos de abordar fue el comunicacional: \u201cLa parte m\u00e1s \nardua fue comunicar y concientizar sobre el impacto del castor para el \necosistema fueguino a la poblaci\u00f3n, porque con el paso del tiempo el \ncastor ha sido identificado como un atractivo tur\u00edstico, por ende, \ntambi\u00e9n tuvimos que hacer un trabajo de erradicaci\u00f3n de estos conceptos \nque se utilizan en el turismo\u201d, coment\u00f3.\n<br>Durante el taller, los participantes comentaron los objetivos de los\n proyectos. En esa l\u00ednea, el director del Proyecto GEF Castor Chile, \nCharif Tala, explic\u00f3 que se busca generar tanto una estrategia como una \nplanificaci\u00f3n financiera que permita escalar las acciones que se est\u00e1n \nejecutando con los pilotos de control, hacia un proyecto de erradicaci\u00f3n\n del castor en Chile y Argentina, en pos de la recuperaci\u00f3n de los \necosistemas patag\u00f3nicos tanto de bosques australes, como de praderas. \n<br>Hoy el castor es una amenaza grave para la biodiversidad nativa de \nMagallanes, en donde ya existen \u00e1reas muy afectadas por esta especie \nex\u00f3tica invasora, que no reconoce fronteras. As\u00ed lo manifest\u00f3 el \nSecretario Regional Ministerial de Medio Ambiente de la Regi\u00f3n de \nMagallanes, Eduardo Schiappacasse: \u201cCon este taller binacional \ndefiniremos el trabajo conjunto que llevaremos adelante, para lograr el \ncontrol y la erradicaci\u00f3n del castor de la Patagonia chileno-argentina\u201d.\n<br>El viernes 14 de diciembre las delegaciones de ambos pa\u00edses \nrealizaron una salida a terreno al piloto que el Proyecto GEF Castor \nChile en conjunto con la Corporaci\u00f3n Nacional Forestal (CONAF), instal\u00f3 \nen la Reserva Nacional Laguna Parrillar, donde el castor ha colonizado \ncuencas del r\u00edo San Juan, afectando ecosistemas de alto valor biol\u00f3gico y\n de producci\u00f3n de servicios. En esta zona se realiza una evaluaci\u00f3n del \nterritorio, en torno a las mejores t\u00e9cnicas de restauraci\u00f3n, e \nidentificando sitios de alta vulnerabilidad a la invasi\u00f3n. \n\n\n<\/p>\n","protected":false},"excerpt":{"rendered":"<p>Entre los d\u00edas 13 y 14 de diciembre pasado, en el marco del Proyecto GEF Castor de Chile y el componente castor del Proyecto GEF de Especies Ex\u00f3ticas de Argentina,&#8230; <a class=\"read-more\" href=\"https:\/\/www.radiopresidenteibanez.cl\/web\/chile-y-argentina-se-reunen-para-coordinar-acciones-conjuntas-en-torno-a-la-gestion-del-castor-en-bosques-y-cuencas-fronterizas\/\">Leer m\u00e1s<\/a><\/p>\n","protected":false},"author":1,"featured_media":37,"comment_status":"closed","ping_status":"closed","sticky":false,"template":"","format":"standard","meta":{"footnotes":""},"categories":[1],"tags":[14,16,10,13,15,12,11],"class_list":["post-36","post","type-post","status-publish","format-standard","has-post-thumbnail","hentry","category-cronica","tag-argentina","tag-bosques","tag-castores","tag-chile","tag-frontera","tag-magallanes","tag-punta-arenas"],"_links":{"self":[{"href":"https:\/\/www.radiopresidenteibanez.cl\/web\/wp-json\/wp\/v2\/posts\/36","targetHints":{"allow":["GET"]}}],"collection":[{"href":"https:\/\/www.radiopresidenteibanez.cl\/web\/wp-json\/wp\/v2\/posts"}],"about":[{"href":"https:\/\/www.radiopresidenteibanez.cl\/web\/wp-json\/wp\/v2\/types\/post"}],"author":[{"embeddable":true,"href":"https:\/\/www.radiopresidenteibanez.cl\/web\/wp-json\/wp\/v2\/users\/1"}],"replies":[{"embeddable":true,"href":"https:\/\/www.radiopresidenteibanez.cl\/web\/wp-json\/wp\/v2\/comments?post=36"}],"version-history":[{"count":0,"href":"https:\/\/www.radiopresidenteibanez.cl\/web\/wp-json\/wp\/v2\/posts\/36\/revisions"}],"wp:featuredmedia":[{"embeddable":true,"href":"https:\/\/www.radiopresidenteibanez.cl\/web\/wp-json\/wp\/v2\/media\/37"}],"wp:attachment":[{"href":"https:\/\/www.radiopresidenteibanez.cl\/web\/wp-json\/wp\/v2\/media?parent=36"}],"wp:term":[{"taxonomy":"category","embeddable":true,"href":"https:\/\/www.radiopresidenteibanez.cl\/web\/wp-json\/wp\/v2\/categories?post=36"},{"taxonomy":"post_tag","embeddable":true,"href":"https:\/\/www.radiopresidenteibanez.cl\/web\/wp-json\/wp\/v2\/tags?post=36"}],"curies":[{"name":"wp","href":"https:\/\/api.w.org\/{rel}","templated":true}]}}