{"id":35991,"date":"2022-12-26T17:32:00","date_gmt":"2022-12-26T20:32:00","guid":{"rendered":"https:\/\/www.radiopresidenteibanez.cl\/web\/?p=35991"},"modified":"2022-12-26T11:27:15","modified_gmt":"2022-12-26T14:27:15","slug":"nadadores-magallanicos-cierran-el-2022-con-medallas-en-campeonato-internacional","status":"publish","type":"post","link":"https:\/\/www.radiopresidenteibanez.cl\/web\/nadadores-magallanicos-cierran-el-2022-con-medallas-en-campeonato-internacional\/","title":{"rendered":"<strong>NADADORES MAGALL\u00c1NICOS CIERRAN EL 2022 CON MEDALLAS EN CAMPEONATO INTERNACIONAL<\/strong>"},"content":{"rendered":"\n<p>Cerrando el a\u00f1o con buenos resultados, siete integrantes del club deportivo de Los Delfines, se trasladaron hasta el extremo norte del pa\u00eds, para representar a la regi\u00f3n de Magallanes en el d\u00e9cimo campeonato internacional de nataci\u00f3n \u00abMaster sin Fronteras\u00bb, que cont\u00f3 con la participaci\u00f3n de m\u00e1s de 350 nadadores provenientes de Chile, Per\u00fa y Bolivia. La competencia, que comenz\u00f3 en la playa El Laucho con las pruebas de 1.500 metros y 3.000 metros aguas abiertas, fue organizada por el Club de Nataci\u00f3n Master Mantarrayas de la ciudad de Arica.<\/p>\n\n\n\n<p>El campeonato, desarrollado los d\u00edas 10, 11 y 12 de diciembre, consider\u00f3 dos categor\u00edas:&nbsp;Pre-M\u00e1ster (19 a 24 a\u00f1os) y M\u00e1ster (25 a\u00f1os y m\u00e1s), quienes pudieron participar en pruebas de&nbsp;aguas abiertas y piscina, realizadas en la&nbsp;Playa el Laucho, ubicada a 10 minutos de la ciudad y acompa\u00f1ada del imponente Morro de Arica; y la Piscina Ol\u00edmpica de Arica,&nbsp;ubicada&nbsp;en el borde costero.&nbsp;<\/p>\n\n\n\n<p>Sin lugar a dudas los&nbsp;representantes de Magallanes dejaron muy bien puesto el nombre de su regi\u00f3n, quienes orgullosos mostraron las preseas obtenidas tras la meritoria participaci\u00f3n. Una de ellas fue la obtenida por Paola Mu\u00f1oz, quien obtuvo el 3er lugar en la categor\u00eda 1.5 km aguas abiertas. \u201cLa competencia estuvo con nadadores de muy alto nivel, lo que signific\u00f3 un desaf\u00edo muy grande para nosotros como club, por lo que nos sentimos orgullosos con los resultados obtenidos. El a\u00f1o pasado fue la primera vez que viajamos y participamos del torneo, as\u00ed es que esperamos poder seguir representando a la regi\u00f3n de Magallanes en&nbsp; los pr\u00f3ximos que vendr\u00e1n\u201d, destac\u00f3 Paola Mu\u00f1oz.<\/p>\n\n\n\n<p>Los d\u00edas s\u00e1bado y domingo la competencia se traslad\u00f3 a la piscina ol\u00edmpica de Arica, donde los representativos de Magallanes obtuvieron los siguientes resultados:<\/p>\n\n\n\n<p>3er lugar 100 metros mariposa: Melisa Alvarado<\/p>\n\n\n\n<p>3er lugar 200 metros libre: Paula Bravo<\/p>\n\n\n\n<p>3er lugar 200 metros libre: Nicole Vicencio<\/p>\n\n\n\n<p>1er lugar 200 metros libre: Paola Mu\u00f1oz<\/p>\n\n\n\n<p>3er lugar 200 metros libre: Carlos Mayorga<\/p>\n\n\n\n<p>2do lugar 100 metros pecho: Nicole Vicencio<\/p>\n\n\n\n<p>Y 3er lugar posta 4&#215;50 mixta<\/p>\n","protected":false},"excerpt":{"rendered":"<p>Cerrando el a\u00f1o con buenos resultados, siete integrantes del club deportivo de Los Delfines, se trasladaron hasta el extremo norte del pa\u00eds, para representar a la regi\u00f3n de Magallanes en&#8230; <a class=\"read-more\" href=\"https:\/\/www.radiopresidenteibanez.cl\/web\/nadadores-magallanicos-cierran-el-2022-con-medallas-en-campeonato-internacional\/\">Leer m\u00e1s<\/a><\/p>\n","protected":false},"author":2,"featured_media":35992,"comment_status":"closed","ping_status":"closed","sticky":false,"template":"","format":"standard","meta":{"footnotes":""},"categories":[1],"tags":[],"class_list":["post-35991","post","type-post","status-publish","format-standard","has-post-thumbnail","hentry","category-cronica"],"_links":{"self":[{"href":"https:\/\/www.radiopresidenteibanez.cl\/web\/wp-json\/wp\/v2\/posts\/35991","targetHints":{"allow":["GET"]}}],"collection":[{"href":"https:\/\/www.radiopresidenteibanez.cl\/web\/wp-json\/wp\/v2\/posts"}],"about":[{"href":"https:\/\/www.radiopresidenteibanez.cl\/web\/wp-json\/wp\/v2\/types\/post"}],"author":[{"embeddable":true,"href":"https:\/\/www.radiopresidenteibanez.cl\/web\/wp-json\/wp\/v2\/users\/2"}],"replies":[{"embeddable":true,"href":"https:\/\/www.radiopresidenteibanez.cl\/web\/wp-json\/wp\/v2\/comments?post=35991"}],"version-history":[{"count":0,"href":"https:\/\/www.radiopresidenteibanez.cl\/web\/wp-json\/wp\/v2\/posts\/35991\/revisions"}],"wp:featuredmedia":[{"embeddable":true,"href":"https:\/\/www.radiopresidenteibanez.cl\/web\/wp-json\/wp\/v2\/media\/35992"}],"wp:attachment":[{"href":"https:\/\/www.radiopresidenteibanez.cl\/web\/wp-json\/wp\/v2\/media?parent=35991"}],"wp:term":[{"taxonomy":"category","embeddable":true,"href":"https:\/\/www.radiopresidenteibanez.cl\/web\/wp-json\/wp\/v2\/categories?post=35991"},{"taxonomy":"post_tag","embeddable":true,"href":"https:\/\/www.radiopresidenteibanez.cl\/web\/wp-json\/wp\/v2\/tags?post=35991"}],"curies":[{"name":"wp","href":"https:\/\/api.w.org\/{rel}","templated":true}]}}