{"id":35988,"date":"2022-12-26T16:45:00","date_gmt":"2022-12-26T19:45:00","guid":{"rendered":"https:\/\/www.radiopresidenteibanez.cl\/web\/?p=35988"},"modified":"2022-12-26T11:07:36","modified_gmt":"2022-12-26T14:07:36","slug":"dos-nuevos-establecimientos-educacionales-se-suman-al-programa-pace-del-mineduc-para-el-2023","status":"publish","type":"post","link":"https:\/\/www.radiopresidenteibanez.cl\/web\/dos-nuevos-establecimientos-educacionales-se-suman-al-programa-pace-del-mineduc-para-el-2023\/","title":{"rendered":"DOS NUEVOS ESTABLECIMIENTOS EDUCACIONALES SE SUMAN\u00a0AL PROGRAMA PACE DEL MINEDUC PARA EL 2023"},"content":{"rendered":"\n<p>El Programa de Acompa\u00f1amiento y Acceso Efectivo a la Educaci\u00f3n Superior del Ministerio de Educaci\u00f3n, a partir del a\u00f1o 2023, incorporar\u00e1 dos nuevos establecimientos educacionales a la red PACE en Magallanes, el Instituto Superior de Comercio y el Liceo Polit\u00e9cnico Cardenal Ra\u00fal Silva Henr\u00edquez, los que recibir\u00e1n acompa\u00f1amiento por parte de la Universidad de Magallanes.&nbsp;<\/p>\n\n\n\n<p>Esta pol\u00edtica p\u00fablica tiene como prop\u00f3sito permitir el ingreso y la permanencia de estudiantes provenientes de la educaci\u00f3n escolar p\u00fablica en la educaci\u00f3n superior. As\u00ed, este programa apunta a mejorar la equidad en el acceso a las universidades, procurando enfrentar y palear las brechas, econ\u00f3micas, sociales y culturales, a las que se enfrentan las y los postulantes, mediante la realizaci\u00f3n de acciones de preparaci\u00f3n y apoyo permanente, y el aseguramiento de cupos, por parte de las 29 instituciones de educaci\u00f3n superior participantes.&nbsp;<\/p>\n\n\n\n<p>\u201cHemos tomado contacto con ambos establecimientos, los cuales han recibido con mucha alegr\u00eda esta importante noticia para sus comunidades, la cual se encuentra enmarcada en la misi\u00f3n de nuestro gobierno y ministerio, de disminuir las brechas en el sistema educativo, entregando mayores oportunidades para las y los estudiantes del sistema escolar p\u00fablico\u201d, explic\u00f3 el seremi de Educaci\u00f3n, Valent\u00edn Aguilera G\u00f3mez.&nbsp;<\/p>\n\n\n\n<p>El Instituto Superior de Comercio y el Liceo Polit\u00e9cnico Cardenal Ra\u00fal Silva Henr\u00edquez se suman a la red PACE que ya conforman en Magallanes: el Liceo Polivalente Mar\u00eda Behety de Men\u00e9ndez, el Liceo Industrial Armando Quezada Achar\u00e1n y el Liceo Polivalente Sara Braun en la comuna de Punta Arenas. Adem\u00e1s del Liceo Polit\u00e9cnico Luis Cruz Mart\u00ednez en Natales, el Liceo Polivalente Hernando de Magallanes en Porvenir y el Liceo Almirante Donald Mc Intyre Griffiths en Cabo de Hornos.&nbsp;<\/p>\n\n\n\n<p>Cabe destacar que, el Programa de Acompa\u00f1amiento y Acceso Efectivo a la Educaci\u00f3n Superior durante el 2022 cont\u00f3 con la participaci\u00f3n de 580 establecimientos educacionales a lo largo de Chile. Para el 2023, se estableci\u00f3 como criterio general, el aumentar dos establecimientos educacionales p\u00fablicos por cada una de las universidades en convenio, cuyo rol en nuestra regi\u00f3n, lo cumple la Universidad de Magallanes.&nbsp;<\/p>\n\n\n\n<p><strong>\u00a0<\/strong><\/p>\n","protected":false},"excerpt":{"rendered":"<p>El Programa de Acompa\u00f1amiento y Acceso Efectivo a la Educaci\u00f3n Superior del Ministerio de Educaci\u00f3n, a partir del a\u00f1o 2023, incorporar\u00e1 dos nuevos establecimientos educacionales a la red PACE en&#8230; <a class=\"read-more\" href=\"https:\/\/www.radiopresidenteibanez.cl\/web\/dos-nuevos-establecimientos-educacionales-se-suman-al-programa-pace-del-mineduc-para-el-2023\/\">Leer m\u00e1s<\/a><\/p>\n","protected":false},"author":2,"featured_media":35989,"comment_status":"closed","ping_status":"closed","sticky":false,"template":"","format":"standard","meta":{"footnotes":""},"categories":[1],"tags":[],"class_list":["post-35988","post","type-post","status-publish","format-standard","has-post-thumbnail","hentry","category-cronica"],"_links":{"self":[{"href":"https:\/\/www.radiopresidenteibanez.cl\/web\/wp-json\/wp\/v2\/posts\/35988","targetHints":{"allow":["GET"]}}],"collection":[{"href":"https:\/\/www.radiopresidenteibanez.cl\/web\/wp-json\/wp\/v2\/posts"}],"about":[{"href":"https:\/\/www.radiopresidenteibanez.cl\/web\/wp-json\/wp\/v2\/types\/post"}],"author":[{"embeddable":true,"href":"https:\/\/www.radiopresidenteibanez.cl\/web\/wp-json\/wp\/v2\/users\/2"}],"replies":[{"embeddable":true,"href":"https:\/\/www.radiopresidenteibanez.cl\/web\/wp-json\/wp\/v2\/comments?post=35988"}],"version-history":[{"count":0,"href":"https:\/\/www.radiopresidenteibanez.cl\/web\/wp-json\/wp\/v2\/posts\/35988\/revisions"}],"wp:featuredmedia":[{"embeddable":true,"href":"https:\/\/www.radiopresidenteibanez.cl\/web\/wp-json\/wp\/v2\/media\/35989"}],"wp:attachment":[{"href":"https:\/\/www.radiopresidenteibanez.cl\/web\/wp-json\/wp\/v2\/media?parent=35988"}],"wp:term":[{"taxonomy":"category","embeddable":true,"href":"https:\/\/www.radiopresidenteibanez.cl\/web\/wp-json\/wp\/v2\/categories?post=35988"},{"taxonomy":"post_tag","embeddable":true,"href":"https:\/\/www.radiopresidenteibanez.cl\/web\/wp-json\/wp\/v2\/tags?post=35988"}],"curies":[{"name":"wp","href":"https:\/\/api.w.org\/{rel}","templated":true}]}}