{"id":35979,"date":"2022-12-26T12:47:00","date_gmt":"2022-12-26T15:47:00","guid":{"rendered":"https:\/\/www.radiopresidenteibanez.cl\/web\/?p=35979"},"modified":"2022-12-26T10:44:56","modified_gmt":"2022-12-26T13:44:56","slug":"glaciar-union-2022-fuerza-aerea-de-chile-finaliza-con-exito-septima-campana-polar","status":"publish","type":"post","link":"https:\/\/www.radiopresidenteibanez.cl\/web\/glaciar-union-2022-fuerza-aerea-de-chile-finaliza-con-exito-septima-campana-polar\/","title":{"rendered":"<strong>GLACIAR UNI\u00d3N 2022: FUERZA A\u00c9REA DE CHILE FINALIZA CON \u00c9XITO SEPTIMA CAMPA\u00d1A POLAR<\/strong>"},"content":{"rendered":"\n<p>El 23 de diciembre, finaliz\u00f3 con \u00e9xito la s\u00e9ptima campa\u00f1a en la Estaci\u00f3n Polar Cient\u00edfica Conjunta \u201cGlaciar Uni\u00f3n\u201d a menos de mil kil\u00f3metros del polo sur en la Ant\u00e1rtica profunda. Campa\u00f1a constituida por Ej\u00e9rcito, Fuerza A\u00e9rea y Armada de Chile, adem\u00e1s de la Direcci\u00f3n General de Aeron\u00e1utica Civil, DGAC, y el Instituto Nacional Ant\u00e1rtico Chileno, INACH.<\/p>\n\n\n\n<p>Durante la tarde se efectu\u00f3 el repliegue de toda la dotaci\u00f3n de Fuerzas Armadas, cient\u00edficos y profesionales, quienes permanecieron 28 d\u00edas desde el proceso de apertura de la Estaci\u00f3n Polar estival ubicada en latitud 79\u00b0 46\u00b4 sur y longitud 83\u00b0 19\u00b4 oeste.<\/p>\n\n\n\n<p>El proceso de repliegue se realiz\u00f3 en una aeronaves C-130 \u201cH\u00e9rcules\u201d de dotaci\u00f3n del Grupo de Aviaci\u00f3n N\u00b010 de la Fuerza A\u00e9rea de Chile, los cuales, tras un aproximado de seis horas de vuelo y 3.000 kil\u00f3metros de distancia, arribaron esta noche al continente aterrizando en la Base A\u00e9rea Chabunco en Punta Arenas.<\/p>\n\n\n\n<p>El Comandante en Jefe de la IV\u00aa&nbsp; Brigada A\u00e9rea, General de Brigada A\u00e9rea (A) Vicente Donoso Herman, recibi\u00f3, felicit\u00f3 y dio la bienvenida a la dotaci\u00f3n de Fuerzas Armadas, cient\u00edficos de INACH y funcionario de la DGAC. En la instancia, manifest\u00f3 que \u201cagradecemos a cada uno de ustedes por esta importante misi\u00f3n que lograron finalizar con \u00e9xito. Sabemos que fue un arduo trabajo en condiciones extremas, pero se logr\u00f3 el objetivo de este hito nacional que permite el desarrollo cient\u00edfico ant\u00e1rtico\u201d.<\/p>\n\n\n\n<p>La dotaci\u00f3n de 46 personas efectu\u00f3 el apoyo log\u00edstico necesario para la operatividad de la Estaci\u00f3n Polar, expediciones y condiciones de vida. Esta campa\u00f1a se realiza con el trabajo mancomunado de las Fuerzas Armadas para brindar el apoyo necesario a dichas investigaciones cient\u00edficas avanzadas.<\/p>\n","protected":false},"excerpt":{"rendered":"<p>El 23 de diciembre, finaliz\u00f3 con \u00e9xito la s\u00e9ptima campa\u00f1a en la Estaci\u00f3n Polar Cient\u00edfica Conjunta \u201cGlaciar Uni\u00f3n\u201d a menos de mil kil\u00f3metros del polo sur en la Ant\u00e1rtica profunda&#8230;. <a class=\"read-more\" href=\"https:\/\/www.radiopresidenteibanez.cl\/web\/glaciar-union-2022-fuerza-aerea-de-chile-finaliza-con-exito-septima-campana-polar\/\">Leer m\u00e1s<\/a><\/p>\n","protected":false},"author":2,"featured_media":35980,"comment_status":"closed","ping_status":"closed","sticky":false,"template":"","format":"standard","meta":{"footnotes":""},"categories":[1],"tags":[],"class_list":["post-35979","post","type-post","status-publish","format-standard","has-post-thumbnail","hentry","category-cronica"],"_links":{"self":[{"href":"https:\/\/www.radiopresidenteibanez.cl\/web\/wp-json\/wp\/v2\/posts\/35979","targetHints":{"allow":["GET"]}}],"collection":[{"href":"https:\/\/www.radiopresidenteibanez.cl\/web\/wp-json\/wp\/v2\/posts"}],"about":[{"href":"https:\/\/www.radiopresidenteibanez.cl\/web\/wp-json\/wp\/v2\/types\/post"}],"author":[{"embeddable":true,"href":"https:\/\/www.radiopresidenteibanez.cl\/web\/wp-json\/wp\/v2\/users\/2"}],"replies":[{"embeddable":true,"href":"https:\/\/www.radiopresidenteibanez.cl\/web\/wp-json\/wp\/v2\/comments?post=35979"}],"version-history":[{"count":0,"href":"https:\/\/www.radiopresidenteibanez.cl\/web\/wp-json\/wp\/v2\/posts\/35979\/revisions"}],"wp:featuredmedia":[{"embeddable":true,"href":"https:\/\/www.radiopresidenteibanez.cl\/web\/wp-json\/wp\/v2\/media\/35980"}],"wp:attachment":[{"href":"https:\/\/www.radiopresidenteibanez.cl\/web\/wp-json\/wp\/v2\/media?parent=35979"}],"wp:term":[{"taxonomy":"category","embeddable":true,"href":"https:\/\/www.radiopresidenteibanez.cl\/web\/wp-json\/wp\/v2\/categories?post=35979"},{"taxonomy":"post_tag","embeddable":true,"href":"https:\/\/www.radiopresidenteibanez.cl\/web\/wp-json\/wp\/v2\/tags?post=35979"}],"curies":[{"name":"wp","href":"https:\/\/api.w.org\/{rel}","templated":true}]}}