{"id":35915,"date":"2022-12-24T11:40:00","date_gmt":"2022-12-24T14:40:00","guid":{"rendered":"https:\/\/www.radiopresidenteibanez.cl\/web\/?p=35915"},"modified":"2022-12-24T10:37:26","modified_gmt":"2022-12-24T13:37:26","slug":"salud-entrega-recomendaciones-para-consumo-seguro-de-productos-carneos-previo-a-fiestas-de-fin-de-ano","status":"publish","type":"post","link":"https:\/\/www.radiopresidenteibanez.cl\/web\/salud-entrega-recomendaciones-para-consumo-seguro-de-productos-carneos-previo-a-fiestas-de-fin-de-ano\/","title":{"rendered":"SALUD ENTREGA RECOMENDACIONES PARA CONSUMO SEGURO DE PRODUCTOS C\u00c1RNEOS PREVIO A FIESTAS DE FIN DE A\u00d1O"},"content":{"rendered":"\n<p>Como parte de las acciones de prevenci\u00f3n que realiza la Seremi de Salud y el Servicio Agr\u00edcola y Ganadero<br>(SAG) de Magallanes durante las fiestas de fin de a\u00f1o, periodo en que aumenta el consumo de productos<br>c\u00e1rneos, se intensifican las fiscalizaciones a carnicer\u00edas y distribuidoras de la regi\u00f3n para verificar el<br>cumplimiento de la normativa establecida.<br>En esta materia, la SEREMI de Salud verifica la correcta disposici\u00f3n y almacenamiento de materias primas y la<br>manipulaci\u00f3n de los productos c\u00e1rneos. En tanto, el SAG busca dar seguridad a la poblaci\u00f3n en cuanto a la<br>procedencia de los productos comercializados, su conservaci\u00f3n y tipificaci\u00f3n, fiscalizando, entre otros<br>aspectos, que los establecimientos cuenten con vitrinas refrigeradas y que los cortes de carne se encuentren<br>debidamente clasificados.<br>La profesional de la Unidad de Alimentos de la Seremi de Salud, Paulina Solar, explic\u00f3 que \u201cdurante esta<br>\u00e9poca del a\u00f1o se intensifican las inspecciones a carnicer\u00edas con el objetivo de resguardar la salud de la<br>poblaci\u00f3n y que consuman productos de forma segura. Las recomendaciones son siempre comprar en locales<br>establecidos que se encuentren autorizados por la Autoridad Sanitaria. A su vez, que los productos<br>congelados y frescos est\u00e9n dispuestos en vitrinas adecuadas y as\u00ed evitar que sus condiciones y caracter\u00edsticas<br>organol\u00e9pticas (color, olor, textura, sabor) se vean alteradas\u201d. Lo importante es prevenir posibles<br>intoxicaciones alimentarias por consumir productos en mal estado, conservaci\u00f3n deficiente, sin cadena de<br>frio, entre otros.<br>En el caso de las carnes frescas, estas se deben mantener en vitrinas refrigeradas, ya que \u00e9stas deben<br>almacenarse a no m\u00e1s de 5\u00b0 C. En tanto, las carnes congeladas deben mantenerse a \u2013 18\u00baC. Una carne que<br>presente un color oscuro, de consistencia dura y seca, con falta de brillo, grasa externa oscura o que<br>presente escurrimiento de l\u00edquido color marr\u00f3n, son indicios de una carne alterada. En el caso de las carnes<br>envasadas, deben cumplir con las normas de etiquetado, donde se debe indicar la fecha de vencimiento,<br>recomendaciones de conservaci\u00f3n y duraci\u00f3n del producto (congelado, refrigerado, etc.), adem\u00e1s de<br>informar que fueron procesadas y envasadas por un establecimiento autorizado.<br>El director regional (s) de SAG Magallanes Juan Francisco \u00c1lvarez C\u00e1rcamo, precis\u00f3 que \u201cnuestros<br>funcionarios realizan durante todo el a\u00f1o inspecciones en establecimientos faenadores, carnicer\u00edas y<br>supermercados de la regi\u00f3n, velando por el cumplimiento de la normativa vigente. Por ello, es fundamental<br>que la ciudadan\u00eda compre en lugares establecidos para tener certeza de que los productos adquiridos<br>cumplan con la rotulaci\u00f3n, que la clasificaci\u00f3n sea la que corresponde, y que tengan una correcta<br>diferenciaci\u00f3n entre carnes importadas y nacionales\u201d<br>La Autoridad Sanitaria Regional mantiene un programa de fiscalizaciones a carnicer\u00edas que se desarrolla de<br>acuerdo a una calendarizaci\u00f3n durante todo el a\u00f1o, las que se intensifican previo Fiestas de Fin de A\u00f1o. A<br>nivel regional se inspeccionan 67 carnicer\u00edas y locales que venden productos c\u00e1rneos, de los cuales 50 se<br>encuentran en Punta Arenas, 12 en Puerto Natales y 5 en Porvenir, entre supermercados, carnicer\u00edas y<\/p>\n\n\n\n<p>distribuidoras. Durante el periodo de fiscalizaciones previo a Navidad no se han iniciado sumarios a este tipo de establecimientos.<\/p>\n","protected":false},"excerpt":{"rendered":"<p>Como parte de las acciones de prevenci\u00f3n que realiza la Seremi de Salud y el Servicio Agr\u00edcola y Ganadero(SAG) de Magallanes durante las fiestas de fin de a\u00f1o, periodo en&#8230; <a class=\"read-more\" href=\"https:\/\/www.radiopresidenteibanez.cl\/web\/salud-entrega-recomendaciones-para-consumo-seguro-de-productos-carneos-previo-a-fiestas-de-fin-de-ano\/\">Leer m\u00e1s<\/a><\/p>\n","protected":false},"author":2,"featured_media":35916,"comment_status":"closed","ping_status":"closed","sticky":false,"template":"","format":"standard","meta":{"footnotes":""},"categories":[1],"tags":[],"class_list":["post-35915","post","type-post","status-publish","format-standard","has-post-thumbnail","hentry","category-cronica"],"_links":{"self":[{"href":"https:\/\/www.radiopresidenteibanez.cl\/web\/wp-json\/wp\/v2\/posts\/35915","targetHints":{"allow":["GET"]}}],"collection":[{"href":"https:\/\/www.radiopresidenteibanez.cl\/web\/wp-json\/wp\/v2\/posts"}],"about":[{"href":"https:\/\/www.radiopresidenteibanez.cl\/web\/wp-json\/wp\/v2\/types\/post"}],"author":[{"embeddable":true,"href":"https:\/\/www.radiopresidenteibanez.cl\/web\/wp-json\/wp\/v2\/users\/2"}],"replies":[{"embeddable":true,"href":"https:\/\/www.radiopresidenteibanez.cl\/web\/wp-json\/wp\/v2\/comments?post=35915"}],"version-history":[{"count":0,"href":"https:\/\/www.radiopresidenteibanez.cl\/web\/wp-json\/wp\/v2\/posts\/35915\/revisions"}],"wp:featuredmedia":[{"embeddable":true,"href":"https:\/\/www.radiopresidenteibanez.cl\/web\/wp-json\/wp\/v2\/media\/35916"}],"wp:attachment":[{"href":"https:\/\/www.radiopresidenteibanez.cl\/web\/wp-json\/wp\/v2\/media?parent=35915"}],"wp:term":[{"taxonomy":"category","embeddable":true,"href":"https:\/\/www.radiopresidenteibanez.cl\/web\/wp-json\/wp\/v2\/categories?post=35915"},{"taxonomy":"post_tag","embeddable":true,"href":"https:\/\/www.radiopresidenteibanez.cl\/web\/wp-json\/wp\/v2\/tags?post=35915"}],"curies":[{"name":"wp","href":"https:\/\/api.w.org\/{rel}","templated":true}]}}