{"id":35888,"date":"2022-12-23T10:26:00","date_gmt":"2022-12-23T13:26:00","guid":{"rendered":"https:\/\/www.radiopresidenteibanez.cl\/web\/?p=35888"},"modified":"2022-12-23T08:42:32","modified_gmt":"2022-12-23T11:42:32","slug":"en-muelle-prat-de-epaustral-se-lanzo-campana-de-difusion-para-prevenir-trafico-ilicito-de-bienes-patrimoniales","status":"publish","type":"post","link":"https:\/\/www.radiopresidenteibanez.cl\/web\/en-muelle-prat-de-epaustral-se-lanzo-campana-de-difusion-para-prevenir-trafico-ilicito-de-bienes-patrimoniales\/","title":{"rendered":"<strong>En Muelle Prat de Epaustral se lanz\u00f3 campa\u00f1a de difusi\u00f3n&nbsp;<\/strong><strong>para prevenir t<\/strong><strong>r\u00e1fico il\u00edcito de bienes patrimoniales<\/strong>"},"content":{"rendered":"\n<p>La actividad estuvo encabezada por el&nbsp;seremi de las Culturas, las Artes y el Patrimonio, Diego Garc\u00eda, y cont\u00f3 con la participaci\u00f3n de la delegada presidencial provincial de Tierra del Fuego, Karim Fierro; el seremi de Educaci\u00f3n, Valent\u00edn Aguilera&nbsp;y el seremi de Miner\u00eda, Juan Montecinos. Asimismo, estuvieron presentes representantes de diversas entidades que integran&nbsp;la Mesa&nbsp;Regional de Prevenci\u00f3n de&nbsp;Tr\u00e1fico Il\u00edcito de Bienes Patrimoniales, tales como Aduanas,&nbsp;Fiscal\u00eda Regional, PDI, as\u00ed como de la red de expertos que asesora dicha instancia.<br>De manera remota, se cont\u00f3 con la participaci\u00f3n de las delegadas presidenciales&nbsp;provinciales de Ant\u00e1rtica Chilena, Mar\u00eda Luisa Mu\u00f1oz y&nbsp;\u00daltima Esperanza, Romina \u00c1lvarez, quienes estuvieron acompa\u00f1adas por parte de sus equipos de trabajo.<br>El&nbsp;seremi de las Culturas, las Artes y el Patrimonio, Diego Garc\u00eda, inici\u00f3 oficialmente esta campa\u00f1a de difusi\u00f3n dando a conocer las c\u00e1psulas en que los profesionales&nbsp;H\u00e9ctor Mansilla (paleont\u00f3logo, Instituto Ant\u00e1rtico Chileno) y Jimena Torres (arque\u00f3loga, Instituto de la Patagonia -UMAG) explican de manera did\u00e1ctica por qu\u00e9 es necesaria la colaboraci\u00f3n de toda la comunidad para proteger aquellos elementos f\u00f3siles o arqueol\u00f3gicos del tr\u00e1fico il\u00edcito, pues constituyen piezas \u00fanicas del patrimonio cultural&nbsp;regional.<\/p>\n\n\n\n<p>\u201cLa&nbsp;Mesa Regional de Prevenci\u00f3n de&nbsp;Tr\u00e1fico Il\u00edcito de Bienes Patrimoniales&nbsp;ven\u00eda funcionando desde a\u00f1os anteriores, y lo que hicimos fue mejorar las articulaciones entre las distintas instituciones p\u00fablicas y privadas que tienen alg\u00fan tipo de relaci\u00f3n en la protecci\u00f3n del patrimonio en la regi\u00f3n. Comenzamos a principio de a\u00f1o con una muy buena recepci\u00f3n, se han ido sumando distintas instituciones que son un aporte fundamental en este trabajo,&nbsp;que supone b\u00e1sicamente concientizar a la ciudadan\u00eda, por ello, hemos&nbsp;incorporado a las Delegaciones Provinciales como parte de esta estrategia. Ellas son un actor fundamental para el despliegue en el territorio y en cada una de las comunas y que los propios actores de esas mismas localidades puedan jugar un rol importante en esta labor\u201d,&nbsp; expres\u00f3.<br>En tanto, la delegada presidencial de Tierra del Fuego, Karim Fierro, destac\u00f3 que&nbsp;\u201ca nivel de la provincia de Tierra del Fuego, este gabinete ha estado marcado&nbsp;por la generaci\u00f3n de&nbsp;pol\u00edticas territoriales con pertinencia de las localidades. Y en ese sentido, hemos podido articular un trabajo y un plan que se engloba en el marco del trabajo regional, pero a&nbsp;partir de la realidad del territorio, para&nbsp;visualizar el potencial patrimonial de la provincia de Tierra del Fuego y el resguardo de la misma\u201d.<br>Por su parte, el gerente general de la Empresa Portuaria Austral, Rodrigo Pommiez, enfatiz\u00f3 el compromiso de dicha empresa con los recursos patrimoniales regionales, pues&nbsp;\u00abesta campa\u00f1a nos levanta una alerta respecto de los cuidados que tenemos que tener como ciudadanos y como empresa preocupada por el desarrollo de la regi\u00f3n.&nbsp;Para nosotros es importante&nbsp;considerar esta estrategia de prevenci\u00f3n contra el tr\u00e1fico il\u00edcito de bienes patrimoniales, porque nos llama a hacernos parte del cuidado de estos recursos, especialmente considerando que los puertos constituyen un punto de frontera\u00bb.<br>La&nbsp;comisaria Daniela L\u00f3pez, del equipo de Medioambiente y Patrimonio Cultural de la PDI, coment\u00f3 que&nbsp;\u201cdurante todo el a\u00f1o tuvimos mesas de trabajo y capacitaciones para concientizar y unificar conceptos. Creo que es una iniciativa muy importante, dado el potencial arqueol\u00f3gico y paleontol\u00f3gico que tiene la regi\u00f3n. Nuestra funci\u00f3n como PDI es apoyar a las entidades que est\u00e1n a cargo de que se cumpla esta ley. En caso de detectar estos bienes, procediendo, dependiendo de las circunstancias, a la detenci\u00f3n de estas personas, porque estamos hablando de un delito, o bien, a la recuperaci\u00f3n de las especies\u201d.<br>Finalmente, el director regional del Serpat,&nbsp;Pablo Quercia, agradeci\u00f3 a los coordinadores de la&nbsp;Mesa Regional de Tr\u00e1fico Il\u00edcito de Bienes Patrimoniales por el \u00abdespliegue territorial de una&nbsp;gesti\u00f3n que permita prevenir el tr\u00e1fico il\u00edcito de piezas que son parte de nuestro patrimonio cultural, para lo cual necesitamos de la colaboraci\u00f3n de autoridades, funcionarios y funcionarias de servicios p\u00fablicos, pero especialmente de la ciudadan\u00eda en cada rinc\u00f3n de nuestro territorio\u00bb. Al cierre de la actividad, entreg\u00f3 junto a la&nbsp;encargada de la Oficina T\u00e9cnica Regional del Consejo de Monumentos Nacionales,&nbsp;Javiera Gaona, los afiches que dar\u00e1n vida a la campa\u00f1a al ser instalados en puntos estrat\u00e9gicos de toda la regi\u00f3n.<\/p>\n","protected":false},"excerpt":{"rendered":"<p>La actividad estuvo encabezada por el&nbsp;seremi de las Culturas, las Artes y el Patrimonio, Diego Garc\u00eda, y cont\u00f3 con la participaci\u00f3n de la delegada presidencial provincial de Tierra del Fuego,&#8230; <a class=\"read-more\" href=\"https:\/\/www.radiopresidenteibanez.cl\/web\/en-muelle-prat-de-epaustral-se-lanzo-campana-de-difusion-para-prevenir-trafico-ilicito-de-bienes-patrimoniales\/\">Leer m\u00e1s<\/a><\/p>\n","protected":false},"author":2,"featured_media":35889,"comment_status":"closed","ping_status":"closed","sticky":false,"template":"","format":"standard","meta":{"footnotes":""},"categories":[1],"tags":[],"class_list":["post-35888","post","type-post","status-publish","format-standard","has-post-thumbnail","hentry","category-cronica"],"_links":{"self":[{"href":"https:\/\/www.radiopresidenteibanez.cl\/web\/wp-json\/wp\/v2\/posts\/35888","targetHints":{"allow":["GET"]}}],"collection":[{"href":"https:\/\/www.radiopresidenteibanez.cl\/web\/wp-json\/wp\/v2\/posts"}],"about":[{"href":"https:\/\/www.radiopresidenteibanez.cl\/web\/wp-json\/wp\/v2\/types\/post"}],"author":[{"embeddable":true,"href":"https:\/\/www.radiopresidenteibanez.cl\/web\/wp-json\/wp\/v2\/users\/2"}],"replies":[{"embeddable":true,"href":"https:\/\/www.radiopresidenteibanez.cl\/web\/wp-json\/wp\/v2\/comments?post=35888"}],"version-history":[{"count":0,"href":"https:\/\/www.radiopresidenteibanez.cl\/web\/wp-json\/wp\/v2\/posts\/35888\/revisions"}],"wp:featuredmedia":[{"embeddable":true,"href":"https:\/\/www.radiopresidenteibanez.cl\/web\/wp-json\/wp\/v2\/media\/35889"}],"wp:attachment":[{"href":"https:\/\/www.radiopresidenteibanez.cl\/web\/wp-json\/wp\/v2\/media?parent=35888"}],"wp:term":[{"taxonomy":"category","embeddable":true,"href":"https:\/\/www.radiopresidenteibanez.cl\/web\/wp-json\/wp\/v2\/categories?post=35888"},{"taxonomy":"post_tag","embeddable":true,"href":"https:\/\/www.radiopresidenteibanez.cl\/web\/wp-json\/wp\/v2\/tags?post=35888"}],"curies":[{"name":"wp","href":"https:\/\/api.w.org\/{rel}","templated":true}]}}