{"id":35876,"date":"2022-12-22T19:49:00","date_gmt":"2022-12-22T22:49:00","guid":{"rendered":"https:\/\/www.radiopresidenteibanez.cl\/web\/?p=35876"},"modified":"2022-12-22T16:26:47","modified_gmt":"2022-12-22T19:26:47","slug":"sernapesca-capacita-a-la-comunidad-en-maniobras-de-desenmalle-de-cetaceos","status":"publish","type":"post","link":"https:\/\/www.radiopresidenteibanez.cl\/web\/sernapesca-capacita-a-la-comunidad-en-maniobras-de-desenmalle-de-cetaceos\/","title":{"rendered":"SERNAPESCA capacita a la comunidad en maniobras de desenmalle de cet\u00e1ceos"},"content":{"rendered":"\n<p>En Antofagasta y Los R\u00edos se llev\u00f3 a cabo el Taller de Desenmalle de Grandes Cet\u00e1ceos que imparti\u00f3 SERNAPESCA con el objetivo de vincular a la ciudadan\u00eda activamente en el cuidado de fauna marina protegida.<\/p>\n\n\n\n<p>El taller dur\u00f3 dos d\u00edas en cada regi\u00f3n y fue dictado por el Dr. Mauricio Ulloa, profesional del Servicio Nacional de Pesca y Acuicultura (SERNAPESCA), experto en rescate de fauna marina protegida.<\/p>\n\n\n\n<p>En la primera jornada se llev\u00f3 a cabo una clase te\u00f3rica sobre los enfoques y&nbsp;procedimientos seg\u00fan tipo de enmalle, seguridad de los rescatistas, revisi\u00f3n y an\u00e1lisis de casos, y prevenci\u00f3n. Posteriormente se realiz\u00f3 un pr\u00e1ctico en tierra donde los participantes tuvieron que poner a prueba sus destrezas f\u00edsicas lanzando el gramp\u00f3n hac\u00eda una ballena enmallada imaginaria, y finalmente, durante la jornada del segundo d\u00eda se realiz\u00f3 el taller pr\u00e1ctico en el agua. Instancia en la que tuvieron que demostrar, en un contexto m\u00e1s cercano a la realidad, lo aprendido anteriormente.<\/p>\n\n\n\n<p>El taller estuvo dirigido a funcionarios y funcionarias de SERNAPESCA, pero tambi\u00e9n a actores de la sociedad civil, vinculados con el mar y que podr\u00edan apoyar en el rescate de un cet\u00e1ceo enmallado. Entre los participantes estuvieron: ONGs, Centros de Rescate de Fauna Silvestre (CEREFAS), funcionarios y funcionarias de la Seremi de Medio Ambiente, personal de Carabineros, Armada, PDI, Municipalidades, Investigadores Cient\u00edficos de Universidades, entre otros.<\/p>\n\n\n\n<p>Durante el taller, Mauricio Ulloa fue muy enf\u00e1tico en la seguridad de los rescatistas, ya que es una actividad de alto riesgo. Adem\u00e1s mencion\u00f3 que si los participantes se ven enfrentados a una ballena enmallada,&nbsp;<strong>siempre&nbsp;<\/strong>deben avisar a SERNAPESCA al 800 320 032 y&nbsp;<strong>nunca<\/strong>&nbsp;deben actuar por cuenta propia. \u201cEs muy importante que nos llamen, nosotros podemos asistir al rescate y solicitar apoyo de los que participaron en el taller o de lo contrario, si no podemos llegar, los podremos guiar y coordinar el rescate a distancia. Pero nunca deben hacerlo sin que nos avisen, ya que puede resultar muy peligroso.\u201d<\/p>\n\n\n\n<p>Las personas que participaron agradecieron mucho haber podido ser parte del taller dictado por SERNAPESCA, en ese sentido, Elisa Monti, Bi\u00f3loga Marina y Directora de la ONG Vuelve al Oc\u00e9ano, se refiri\u00f3 sobre lo interesante que le pareci\u00f3 el taller, \u201cla verdad, es un honor que Mauricio nos est\u00e9 ense\u00f1ando, hemos aprendido much\u00edsimo y es algo que es s\u00faper necesario, sobre todo para las personas&nbsp; que estamos mirando el mar continuamente en \u00e1reas donde transitan ballenas. Siento que en la regi\u00f3n de Los R\u00edos hac\u00eda falta un taller as\u00ed. Mientras m\u00e1s personas estemos capacitadas para actuar en un desenmalle de ballena, vamos a poder cubrir much\u00edsimos m\u00e1s rescates.\u201d<\/p>\n\n\n\n<p>Finalmente el instructor del taller, coment\u00f3 sobre la importancia de continuar poniendo en pr\u00e1ctica lo aprendido, \u201cuna de las recomendaciones fundamentales, aparte de la seguridad personal, es reentrenar, practicar, una y otra vez, por lo menos una vez al a\u00f1o hacer un ensayo o un nuevo taller para que esto no se olvide y permanecer vigente cuando suceda una situaci\u00f3n real de alg\u00fan cet\u00e1ceo enmallado.\u201d Concluy\u00f3 Ulloa.<\/p>\n","protected":false},"excerpt":{"rendered":"<p>En Antofagasta y Los R\u00edos se llev\u00f3 a cabo el Taller de Desenmalle de Grandes Cet\u00e1ceos que imparti\u00f3 SERNAPESCA con el objetivo de vincular a la ciudadan\u00eda activamente en el&#8230; <a class=\"read-more\" href=\"https:\/\/www.radiopresidenteibanez.cl\/web\/sernapesca-capacita-a-la-comunidad-en-maniobras-de-desenmalle-de-cetaceos\/\">Leer m\u00e1s<\/a><\/p>\n","protected":false},"author":2,"featured_media":35877,"comment_status":"closed","ping_status":"closed","sticky":false,"template":"","format":"standard","meta":{"footnotes":""},"categories":[1],"tags":[],"class_list":["post-35876","post","type-post","status-publish","format-standard","has-post-thumbnail","hentry","category-cronica"],"_links":{"self":[{"href":"https:\/\/www.radiopresidenteibanez.cl\/web\/wp-json\/wp\/v2\/posts\/35876","targetHints":{"allow":["GET"]}}],"collection":[{"href":"https:\/\/www.radiopresidenteibanez.cl\/web\/wp-json\/wp\/v2\/posts"}],"about":[{"href":"https:\/\/www.radiopresidenteibanez.cl\/web\/wp-json\/wp\/v2\/types\/post"}],"author":[{"embeddable":true,"href":"https:\/\/www.radiopresidenteibanez.cl\/web\/wp-json\/wp\/v2\/users\/2"}],"replies":[{"embeddable":true,"href":"https:\/\/www.radiopresidenteibanez.cl\/web\/wp-json\/wp\/v2\/comments?post=35876"}],"version-history":[{"count":0,"href":"https:\/\/www.radiopresidenteibanez.cl\/web\/wp-json\/wp\/v2\/posts\/35876\/revisions"}],"wp:featuredmedia":[{"embeddable":true,"href":"https:\/\/www.radiopresidenteibanez.cl\/web\/wp-json\/wp\/v2\/media\/35877"}],"wp:attachment":[{"href":"https:\/\/www.radiopresidenteibanez.cl\/web\/wp-json\/wp\/v2\/media?parent=35876"}],"wp:term":[{"taxonomy":"category","embeddable":true,"href":"https:\/\/www.radiopresidenteibanez.cl\/web\/wp-json\/wp\/v2\/categories?post=35876"},{"taxonomy":"post_tag","embeddable":true,"href":"https:\/\/www.radiopresidenteibanez.cl\/web\/wp-json\/wp\/v2\/tags?post=35876"}],"curies":[{"name":"wp","href":"https:\/\/api.w.org\/{rel}","templated":true}]}}