{"id":3587,"date":"2019-04-22T15:31:54","date_gmt":"2019-04-22T15:31:54","guid":{"rendered":"http:\/\/www.radiopresidenteibanez.cl\/web\/?p=3587"},"modified":"2019-04-22T15:32:19","modified_gmt":"2019-04-22T15:32:19","slug":"cuatro-nuevos-carros-bomberiles-llegaron-para-punta-arenas-y-puerto-williams","status":"publish","type":"post","link":"https:\/\/www.radiopresidenteibanez.cl\/web\/cuatro-nuevos-carros-bomberiles-llegaron-para-punta-arenas-y-puerto-williams\/","title":{"rendered":"CUATRO NUEVOS CARROS BOMBERILES LLEGARON PARA PUNTA ARENAS Y PUERTO WILLIAMS"},"content":{"rendered":"\n<p>Hasta el sector del cruce 9 de la ruta norte, se trasladaron\nvoluntarios de Bomberos de Punta Arenas, pero no para combatir alguna\nemergencia, sino que para recibir e inaugurar cuatro nuevos carros que llegaron\npara reemplazar veh\u00edculos con m\u00e1s de veinte a\u00f1os de uso de la tercera, quinta y\nsexta compa\u00f1\u00eda de la ciudad capital de Magallanes y una que se dirigir\u00e1 hasta\nla ciudad m\u00e1s austral del mundo, Puerto Williams.<\/p>\n\n\n\n<p>Los carros bomberiles recibidos en Punta Arenas, son; un\ncarro Forestal C-5, marca Quiroga, con una inversi\u00f3n equivalentes a\n$262.566.123. De los cuales $ 254.025.186 corresponden al FNDR y $ 8.540.937 al\naporte Bomberos de Chile. Junto con equipamiento valorizado en $ 11.091.567.<\/p>\n\n\n\n<p>Al anterior se suma, un carro urbano mayor marca Magirus con\nuna inversi\u00f3n de $269.033.029 financiado por el Fondo Nacional de Desarrollo\nRegional. Junto con equipamiento valorizado en $ 14.892.683. y finalmente un\ncarro Aljibe Iveco Magiruz, modelo Trakker, con una inversi\u00f3n equivalentes de\n$210.536.598, financiamiento correspondiente al Fondo Nacional de Desarrollo\nRegional y equipamiento por $ 10.699.032.<\/p>\n\n\n\n<p>En este sentido, Eduardo Bahamonde, Comandante Bomberos de\nPunta Arenas, coment\u00f3 que \u201csin duda que es una gran ayuda a nuestras labores\ndiarias y contra emergencias, ahora estamos trabajando en distintos proyectos\npara cambiar los carros bomberiles de las compa\u00f1\u00edas que faltan\u201d<\/p>\n\n\n\n<p>Por otra parte, el Cuerpo de Bomberos de Puerto Williams\nrecibi\u00f3 un carro aljibe marca Iveco Magiruz, modelo Trakker, con una inversi\u00f3n\nequivalentes a $210.624.259, financiamiento correspondiente al Fondo Nacional\nde Desarrollo Regional y equipamiento por $ 10.699.032<\/p>\n\n\n\n<p>Finalmente cabe mencionar que Porvenir tambi\u00e9n hizo recibimiento de su nuevo carro que fue recibido por la comunidad porvenire\u00f1a.<\/p>\n\n\n\n<figure class=\"wp-block-image\"><img loading=\"lazy\" decoding=\"async\" width=\"900\" height=\"600\" src=\"https:\/\/www.radiopresidenteibanez.cl\/web\/wp-content\/uploads\/2019\/04\/57373158_2385229201541232_3944110751869829120_o.jpg\" alt=\"\" class=\"wp-image-3588\" srcset=\"https:\/\/www.radiopresidenteibanez.cl\/web\/wp-content\/uploads\/2019\/04\/57373158_2385229201541232_3944110751869829120_o.jpg 900w, https:\/\/www.radiopresidenteibanez.cl\/web\/wp-content\/uploads\/2019\/04\/57373158_2385229201541232_3944110751869829120_o-300x200.jpg 300w, https:\/\/www.radiopresidenteibanez.cl\/web\/wp-content\/uploads\/2019\/04\/57373158_2385229201541232_3944110751869829120_o-768x512.jpg 768w\" sizes=\"auto, (max-width: 900px) 100vw, 900px\" \/><\/figure>\n","protected":false},"excerpt":{"rendered":"<p>Hasta el sector del cruce 9 de la ruta norte, se trasladaron voluntarios de Bomberos de Punta Arenas, pero no para combatir alguna emergencia, sino que para recibir e inaugurar&#8230; <a class=\"read-more\" href=\"https:\/\/www.radiopresidenteibanez.cl\/web\/cuatro-nuevos-carros-bomberiles-llegaron-para-punta-arenas-y-puerto-williams\/\">Leer m\u00e1s<\/a><\/p>\n","protected":false},"author":2,"featured_media":3588,"comment_status":"closed","ping_status":"closed","sticky":false,"template":"","format":"standard","meta":{"footnotes":""},"categories":[1],"tags":[],"class_list":["post-3587","post","type-post","status-publish","format-standard","has-post-thumbnail","hentry","category-cronica"],"_links":{"self":[{"href":"https:\/\/www.radiopresidenteibanez.cl\/web\/wp-json\/wp\/v2\/posts\/3587","targetHints":{"allow":["GET"]}}],"collection":[{"href":"https:\/\/www.radiopresidenteibanez.cl\/web\/wp-json\/wp\/v2\/posts"}],"about":[{"href":"https:\/\/www.radiopresidenteibanez.cl\/web\/wp-json\/wp\/v2\/types\/post"}],"author":[{"embeddable":true,"href":"https:\/\/www.radiopresidenteibanez.cl\/web\/wp-json\/wp\/v2\/users\/2"}],"replies":[{"embeddable":true,"href":"https:\/\/www.radiopresidenteibanez.cl\/web\/wp-json\/wp\/v2\/comments?post=3587"}],"version-history":[{"count":0,"href":"https:\/\/www.radiopresidenteibanez.cl\/web\/wp-json\/wp\/v2\/posts\/3587\/revisions"}],"wp:featuredmedia":[{"embeddable":true,"href":"https:\/\/www.radiopresidenteibanez.cl\/web\/wp-json\/wp\/v2\/media\/3588"}],"wp:attachment":[{"href":"https:\/\/www.radiopresidenteibanez.cl\/web\/wp-json\/wp\/v2\/media?parent=3587"}],"wp:term":[{"taxonomy":"category","embeddable":true,"href":"https:\/\/www.radiopresidenteibanez.cl\/web\/wp-json\/wp\/v2\/categories?post=3587"},{"taxonomy":"post_tag","embeddable":true,"href":"https:\/\/www.radiopresidenteibanez.cl\/web\/wp-json\/wp\/v2\/tags?post=3587"}],"curies":[{"name":"wp","href":"https:\/\/api.w.org\/{rel}","templated":true}]}}