{"id":35861,"date":"2022-12-22T13:47:00","date_gmt":"2022-12-22T16:47:00","guid":{"rendered":"https:\/\/www.radiopresidenteibanez.cl\/web\/?p=35861"},"modified":"2022-12-22T10:00:54","modified_gmt":"2022-12-22T13:00:54","slug":"seremi-de-energia-destaco-foco-en-la-participacion-ciudadana-para-la-elaboracion-del-plan-de-accion-de-hidrogeno-verde-2023-2030","status":"publish","type":"post","link":"https:\/\/www.radiopresidenteibanez.cl\/web\/seremi-de-energia-destaco-foco-en-la-participacion-ciudadana-para-la-elaboracion-del-plan-de-accion-de-hidrogeno-verde-2023-2030\/","title":{"rendered":"<strong>Seremi de Energ\u00eda destac\u00f3 \u201cfoco en la participaci\u00f3n ciudadana\u201d para la elaboraci\u00f3n del Plan de Acci\u00f3n de Hidr\u00f3geno Verde 2023-2030<\/strong>"},"content":{"rendered":"\n<p>Esta semana, el titular de la cartera de Energ\u00eda, Diego Pardow, presidi\u00f3 en la capital regional de Magallanes, la 5ta sesi\u00f3n del Comit\u00e9 Interministerial para el Desarrollo del Hidr\u00f3geno Verde.<\/p>\n\n\n\n<p>La cita, que congreg\u00f3 a otros ministros sectoriales, fue el escenario para lanzar el Plan de Acci\u00f3n de Hidr\u00f3geno Verde 2023 \u2013 2030, iniciativa que se levanta como el&nbsp;segundo paso para impulsar esta industria, conciliando el desarrollo econ\u00f3mico con el respeto por el medio ambiente, el territorio y las comunidades, detall\u00f3 en la oportunidad el ministro Diego Pardow.<\/p>\n\n\n\n<p>En este sentido, la Seremi del ramo, Mar\u00eda Luisa Ojeda, resalt\u00f3 el \u201cfoco en la participaci\u00f3n ciudadana\u201d para el dise\u00f1o del Plan de Acci\u00f3n, el cual contemplar\u00e1 una plataforma web (<a href=\"http:\/\/www.xn--planhidrgenoverde-nyb.cl\/\" target=\"_blank\" rel=\"noreferrer noopener\">www.planhidr\u00f3genoverde.cl<\/a>). &nbsp;<\/p>\n\n\n\n<p>\u201cQue los ministros sectoriales junto a nuestro ministro de Energ\u00eda sesionen en Magallanes anunciando el Plan, es una muestra concreta del esp\u00edritu y voluntad descentralizadora del Gobierno del Presidente Gabriel Boric\u201d, dijo y agreg\u00f3: \u201ccon ello vemos que la regiones est\u00e1n teniendo el rol protag\u00f3nico que como Gobierno nos propusimos darle\u201d.<\/p>\n\n\n\n<p><strong>EL PLAN<\/strong><\/p>\n\n\n\n<p>Asimismo, la Seremi Mar\u00eda Luisa Ojeda, cree que el hidr\u00f3geno verde es una buena oportunidad para la creaci\u00f3n de una nueva industria que como pa\u00eds nos permita seguir avanzando de manera decidida hacia un futuro m\u00e1s limpio en cuanto a energ\u00edas, en medio de un complejo contexto de crisis clim\u00e1tica.<\/p>\n\n\n\n<p>\u201cHoy, a dos a\u00f1os de haberse lanzado la Estrategia Nacional de Hidr\u00f3geno Verde, nuestro principal objetivo es continuar sus lineamientos, pero profundizando la participaci\u00f3n ciudadana. Es por ello que este Plan de Acci\u00f3n queremos construirlo de manera conjunta e invitamos a ser parte activa de esta discusi\u00f3n a la sociedad civil, a la academia y al mundo privado, para que entre todos podamos llegar a los consensos que permitan el desarrollo equitativo de esta industria en el pa\u00eds\u201d, subray\u00f3 la autoridad regional de Energ\u00eda.<\/p>\n\n\n\n<p>Finalmente, la Seremi Mar\u00eda Luisa Ojeda llam\u00f3 a visitar la plataforma de participaci\u00f3n ciudadana e inscribirse en ella en las distintas instancias que estar\u00e1n disponibles a partir del a\u00f1o 2023.<\/p>\n\n\n\n<p><strong>Cronograma de hitos y actividades:<\/strong><\/p>\n\n\n\n<p>En t\u00e9rminos de planificaci\u00f3n, se consideran los siguientes hitos:<\/p>\n\n\n\n<p>\u2022&nbsp;<strong>Diciembre a marzo<\/strong>: Proceso de inscripciones para la participaci\u00f3n ciudadana a trav\u00e9s de plataforma web desde el 20 de diciembre del 2022 hasta el 3 de marzo del 2023. El sitio web para inscripci\u00f3n es&nbsp;<a href=\"http:\/\/www.planhidrogenoverde.cl\/\" target=\"_blank\" rel=\"noreferrer noopener\">www.planhidrogenoverde.cl<\/a>&nbsp;&nbsp;<\/p>\n\n\n\n<p>\u2022&nbsp;<strong>Marzo a junio<\/strong>: Desarrollo de encuentros y sesiones participativas.<\/p>\n\n\n\n<p>\u2022&nbsp;<strong>Junio<\/strong>: Consulta p\u00fablica del Plan de Acci\u00f3n.<\/p>\n\n\n\n<p>\u2022&nbsp;<strong>Julio<\/strong>: Publicaci\u00f3n del documento final del Plan de Acci\u00f3n.<\/p>\n","protected":false},"excerpt":{"rendered":"<p>Esta semana, el titular de la cartera de Energ\u00eda, Diego Pardow, presidi\u00f3 en la capital regional de Magallanes, la 5ta sesi\u00f3n del Comit\u00e9 Interministerial para el Desarrollo del Hidr\u00f3geno Verde&#8230;. <a class=\"read-more\" href=\"https:\/\/www.radiopresidenteibanez.cl\/web\/seremi-de-energia-destaco-foco-en-la-participacion-ciudadana-para-la-elaboracion-del-plan-de-accion-de-hidrogeno-verde-2023-2030\/\">Leer m\u00e1s<\/a><\/p>\n","protected":false},"author":2,"featured_media":35862,"comment_status":"closed","ping_status":"closed","sticky":false,"template":"","format":"standard","meta":{"footnotes":""},"categories":[1],"tags":[],"class_list":["post-35861","post","type-post","status-publish","format-standard","has-post-thumbnail","hentry","category-cronica"],"_links":{"self":[{"href":"https:\/\/www.radiopresidenteibanez.cl\/web\/wp-json\/wp\/v2\/posts\/35861","targetHints":{"allow":["GET"]}}],"collection":[{"href":"https:\/\/www.radiopresidenteibanez.cl\/web\/wp-json\/wp\/v2\/posts"}],"about":[{"href":"https:\/\/www.radiopresidenteibanez.cl\/web\/wp-json\/wp\/v2\/types\/post"}],"author":[{"embeddable":true,"href":"https:\/\/www.radiopresidenteibanez.cl\/web\/wp-json\/wp\/v2\/users\/2"}],"replies":[{"embeddable":true,"href":"https:\/\/www.radiopresidenteibanez.cl\/web\/wp-json\/wp\/v2\/comments?post=35861"}],"version-history":[{"count":0,"href":"https:\/\/www.radiopresidenteibanez.cl\/web\/wp-json\/wp\/v2\/posts\/35861\/revisions"}],"wp:featuredmedia":[{"embeddable":true,"href":"https:\/\/www.radiopresidenteibanez.cl\/web\/wp-json\/wp\/v2\/media\/35862"}],"wp:attachment":[{"href":"https:\/\/www.radiopresidenteibanez.cl\/web\/wp-json\/wp\/v2\/media?parent=35861"}],"wp:term":[{"taxonomy":"category","embeddable":true,"href":"https:\/\/www.radiopresidenteibanez.cl\/web\/wp-json\/wp\/v2\/categories?post=35861"},{"taxonomy":"post_tag","embeddable":true,"href":"https:\/\/www.radiopresidenteibanez.cl\/web\/wp-json\/wp\/v2\/tags?post=35861"}],"curies":[{"name":"wp","href":"https:\/\/api.w.org\/{rel}","templated":true}]}}