{"id":35858,"date":"2022-12-22T12:24:00","date_gmt":"2022-12-22T15:24:00","guid":{"rendered":"https:\/\/www.radiopresidenteibanez.cl\/web\/?p=35858"},"modified":"2022-12-22T09:57:51","modified_gmt":"2022-12-22T12:57:51","slug":"seremi-de-la-mujer-alejandra-ruiz-ovando-destaco-plan-de-emergencia-habitacional","status":"publish","type":"post","link":"https:\/\/www.radiopresidenteibanez.cl\/web\/seremi-de-la-mujer-alejandra-ruiz-ovando-destaco-plan-de-emergencia-habitacional\/","title":{"rendered":"Seremi de la Mujer Alejandra Ruiz Ovando destac\u00f3 Plan de Emergencia Habitacional"},"content":{"rendered":"\n<p>Alejandra Ruiz Ovando dijo que, \u00abcomo indica el Plan de Emergencia<br>Habitacional, los municipios pueden disponer de viviendas y asignarlas para<br>diversos casos sociales cr\u00edticos, entre ellos a mujeres que viven violencia<br>intrafamiliar, financiadas por el Ministerio de Vivienda y Urbanismo. Esperamos<br>que los municipios acojan esta oportunidad de ayudar en forma efectiva a las<br>mujeres, recalc\u00f3 la autoridad\u00bb.<br>EL Plan de Emergencia Habitacional 2022 &#8211; 2025 del gobierno del Presidente<br>Gabriel Boric para casos sociales cr\u00edticos contempla en Magallanes la entrega<br>de tres mil quinientas soluciones habitacionales.<br>Por otra parte, en el marco de la conmemoraci\u00f3n del D\u00eda Nacional Contra el<br>Femicidio, el Presidente Gabriel Boric promulg\u00f3 este lunes la ley que tipifica el<br>delito de femicidio suicida, conocida como Ley Antonia en honor a Antonia<br>Barra, joven que se suicid\u00f3 tras ser v\u00edctima de una violaci\u00f3n por parte de Mart\u00edn<br>Pradenas. Indic\u00f3 Alejandra Ruiz que esta ley viene a llenar un vac\u00edo<br>importante en nuestra legislaci\u00f3n ya que aumenta las penas, aunque aclar\u00f3<br>que, como la mayor\u00eda de las leyes no tiene efecto retroactivo, \u00abpero s\u00ed nos va a<br>permitir tambi\u00e9n empezar a ponerle nombre a eso que est\u00e1 siendo acallado\u00bb.<\/p>\n\n\n\n<p>La Seremi de la Mujer destac\u00f3 tambi\u00e9n indicaciones al proyecto de Ley de<br>Protecci\u00f3n y Reparaci\u00f3n Integral a V\u00edctimas de Femicidio y sus Familias. Se<br>trata de una pensi\u00f3n para los hijos o hijas de familias que se hayan roto por<br>violencia de g\u00e9nero.<br>\u00abEl Estado jam\u00e1s hasta ahora se hab\u00eda pronunciado para hacerse parte de las<br>necesidades que significan perder a su madre porque fue asesinada, y perder a<br>su padre porque est\u00e1 preso, en muchos de los casos\u00bb puntualiz\u00f3.<\/p>\n\n\n\n<p>Tel\u00e9fonos para denunciar:<br>133 de Carabineros<br>134 de la Polic\u00eda de Investigaciones (PDI)<br>http:\/\/www.siesmiproblema.cl\/<br>Canales para orientaci\u00f3n:<br>Fono orientaci\u00f3n en violencia: 1455<br>WhatsApp: +569 9700 7000<\/p>\n","protected":false},"excerpt":{"rendered":"<p>Alejandra Ruiz Ovando dijo que, \u00abcomo indica el Plan de EmergenciaHabitacional, los municipios pueden disponer de viviendas y asignarlas paradiversos casos sociales cr\u00edticos, entre ellos a mujeres que viven violenciaintrafamiliar,&#8230; <a class=\"read-more\" href=\"https:\/\/www.radiopresidenteibanez.cl\/web\/seremi-de-la-mujer-alejandra-ruiz-ovando-destaco-plan-de-emergencia-habitacional\/\">Leer m\u00e1s<\/a><\/p>\n","protected":false},"author":2,"featured_media":35859,"comment_status":"closed","ping_status":"closed","sticky":false,"template":"","format":"standard","meta":{"footnotes":""},"categories":[1],"tags":[],"class_list":["post-35858","post","type-post","status-publish","format-standard","has-post-thumbnail","hentry","category-cronica"],"_links":{"self":[{"href":"https:\/\/www.radiopresidenteibanez.cl\/web\/wp-json\/wp\/v2\/posts\/35858","targetHints":{"allow":["GET"]}}],"collection":[{"href":"https:\/\/www.radiopresidenteibanez.cl\/web\/wp-json\/wp\/v2\/posts"}],"about":[{"href":"https:\/\/www.radiopresidenteibanez.cl\/web\/wp-json\/wp\/v2\/types\/post"}],"author":[{"embeddable":true,"href":"https:\/\/www.radiopresidenteibanez.cl\/web\/wp-json\/wp\/v2\/users\/2"}],"replies":[{"embeddable":true,"href":"https:\/\/www.radiopresidenteibanez.cl\/web\/wp-json\/wp\/v2\/comments?post=35858"}],"version-history":[{"count":0,"href":"https:\/\/www.radiopresidenteibanez.cl\/web\/wp-json\/wp\/v2\/posts\/35858\/revisions"}],"wp:featuredmedia":[{"embeddable":true,"href":"https:\/\/www.radiopresidenteibanez.cl\/web\/wp-json\/wp\/v2\/media\/35859"}],"wp:attachment":[{"href":"https:\/\/www.radiopresidenteibanez.cl\/web\/wp-json\/wp\/v2\/media?parent=35858"}],"wp:term":[{"taxonomy":"category","embeddable":true,"href":"https:\/\/www.radiopresidenteibanez.cl\/web\/wp-json\/wp\/v2\/categories?post=35858"},{"taxonomy":"post_tag","embeddable":true,"href":"https:\/\/www.radiopresidenteibanez.cl\/web\/wp-json\/wp\/v2\/tags?post=35858"}],"curies":[{"name":"wp","href":"https:\/\/api.w.org\/{rel}","templated":true}]}}