{"id":35854,"date":"2022-12-22T11:13:00","date_gmt":"2022-12-22T14:13:00","guid":{"rendered":"https:\/\/www.radiopresidenteibanez.cl\/web\/?p=35854"},"modified":"2022-12-22T09:53:29","modified_gmt":"2022-12-22T12:53:29","slug":"banda-magallanica-guanaco-en-llamas-en-el-ultimo-tren-a-casa","status":"publish","type":"post","link":"https:\/\/www.radiopresidenteibanez.cl\/web\/banda-magallanica-guanaco-en-llamas-en-el-ultimo-tren-a-casa\/","title":{"rendered":"<strong>BANDA MAGALL\u00c1NICA \u201cGUANACO EN LLAMAS\u201d EN\u00a0 EL \u00daLTIMO TREN A CASA<\/strong>"},"content":{"rendered":"\n<p>Este viernes 23 de diciembre, 20 hrs. el programa<em>&nbsp;\u201cEl \u00faltimo tren a casa\u201d<\/em>&nbsp;que produce el Colectivo Aczi\u00f3n Kultural&nbsp;&nbsp;y&nbsp;&nbsp;que conduce Pedro Guichapany en radio Presidente Ib\u00e1\u00f1ez presenta una edici\u00f3n dedicada a la banda magall\u00e1nica de rock&nbsp;<strong>GUANACO EN LLAMAS<\/strong>.<\/p>\n\n\n\n<p>La banda se forma en Puerto Natales a comienzos del a\u00f1o 2005, y se caracteriza porque todos sus miembros son compositores con gran experiencia y bagaje musical. Esto ha influido en su estilo y creaciones, las que van desde el rock y blues hasta la m\u00fasica popular. Por otra parte, sus letras demuestran la gran influencia de temas sociales, y el fuerte arraigo a sus tierras \u201cOscuro Interior\u201d, \u201cDetenido\u201d, \u201cBlues de la Nueva Constituci\u00f3n\u201d.<\/p>\n\n\n\n<p>Sus actuales integrantes son:&nbsp;<em>Fabi\u00e1n Borquez<\/em>&nbsp;(Bajo y coros),&nbsp;<em>Cristian Contreras<\/em>&nbsp;(Guitarra y teclado),&nbsp;<em>Roberto Niculcar<\/em>&nbsp;(Guitarras, slide y coros) y&nbsp;<em>Ricardo Mu\u00f1oz<\/em>&nbsp;(Bateria y voz).<\/p>\n\n\n\n<p>En el programa se escuchar\u00e1n las voces de sus integrantes donde cuentan el por qu\u00e9 del nombre del grupo (Guanaco en Llamas), su estilo, lo que viene, y se podr\u00e1 escuchar su disco hom\u00f3nimo con 11 temas, los que pueden ser reproducidos a trav\u00e9s de todas las plataformas digitales de la banda (Youtube, Spotify, Apple Music y Deezer), y que fue grabado, mezclado y masterizado en los estudios De Pirque Records.<\/p>\n","protected":false},"excerpt":{"rendered":"<p>Este viernes 23 de diciembre, 20 hrs. el programa&nbsp;\u201cEl \u00faltimo tren a casa\u201d&nbsp;que produce el Colectivo Aczi\u00f3n Kultural&nbsp;&nbsp;y&nbsp;&nbsp;que conduce Pedro Guichapany en radio Presidente Ib\u00e1\u00f1ez presenta una edici\u00f3n dedicada a&#8230; <a class=\"read-more\" href=\"https:\/\/www.radiopresidenteibanez.cl\/web\/banda-magallanica-guanaco-en-llamas-en-el-ultimo-tren-a-casa\/\">Leer m\u00e1s<\/a><\/p>\n","protected":false},"author":2,"featured_media":35855,"comment_status":"closed","ping_status":"closed","sticky":false,"template":"","format":"standard","meta":{"footnotes":""},"categories":[1],"tags":[],"class_list":["post-35854","post","type-post","status-publish","format-standard","has-post-thumbnail","hentry","category-cronica"],"_links":{"self":[{"href":"https:\/\/www.radiopresidenteibanez.cl\/web\/wp-json\/wp\/v2\/posts\/35854","targetHints":{"allow":["GET"]}}],"collection":[{"href":"https:\/\/www.radiopresidenteibanez.cl\/web\/wp-json\/wp\/v2\/posts"}],"about":[{"href":"https:\/\/www.radiopresidenteibanez.cl\/web\/wp-json\/wp\/v2\/types\/post"}],"author":[{"embeddable":true,"href":"https:\/\/www.radiopresidenteibanez.cl\/web\/wp-json\/wp\/v2\/users\/2"}],"replies":[{"embeddable":true,"href":"https:\/\/www.radiopresidenteibanez.cl\/web\/wp-json\/wp\/v2\/comments?post=35854"}],"version-history":[{"count":0,"href":"https:\/\/www.radiopresidenteibanez.cl\/web\/wp-json\/wp\/v2\/posts\/35854\/revisions"}],"wp:featuredmedia":[{"embeddable":true,"href":"https:\/\/www.radiopresidenteibanez.cl\/web\/wp-json\/wp\/v2\/media\/35855"}],"wp:attachment":[{"href":"https:\/\/www.radiopresidenteibanez.cl\/web\/wp-json\/wp\/v2\/media?parent=35854"}],"wp:term":[{"taxonomy":"category","embeddable":true,"href":"https:\/\/www.radiopresidenteibanez.cl\/web\/wp-json\/wp\/v2\/categories?post=35854"},{"taxonomy":"post_tag","embeddable":true,"href":"https:\/\/www.radiopresidenteibanez.cl\/web\/wp-json\/wp\/v2\/tags?post=35854"}],"curies":[{"name":"wp","href":"https:\/\/api.w.org\/{rel}","templated":true}]}}