{"id":35851,"date":"2022-12-22T10:23:00","date_gmt":"2022-12-22T13:23:00","guid":{"rendered":"https:\/\/www.radiopresidenteibanez.cl\/web\/?p=35851"},"modified":"2022-12-22T08:39:20","modified_gmt":"2022-12-22T11:39:20","slug":"informativo-matinal-orbe-4","status":"publish","type":"post","link":"https:\/\/www.radiopresidenteibanez.cl\/web\/informativo-matinal-orbe-4\/","title":{"rendered":"INFORMATIVO MATINAL ORBE"},"content":{"rendered":"\n<p>SANTIAGO.- El Presidente Gabriel Boric anunci\u00f3 que Chile<br>abrir\u00e1, durante su Gobierno, una embajada en Palestina,<br>elevando as\u00ed las relaciones diplom\u00e1ticas que actualmente<br>est\u00e1n representadas por un encargado de negocios. El<br>Mandatario hizo el anunci\u00f3 durante una actividad navide\u00f1a en<br>el Club Palestino.<\/p>\n\n\n\n<p>SANTIAGO.- En la oportunidad, el Presidente Boric, manifest\u00f3<br>que \u00ab\u00bbante los sufrimientos no podemos ser ajenos ni podemos<br>ser protocolares. No podemos olvidar a una comunidad que est\u00e1<br>sufriendo una ocupaci\u00f3n ilegal, a una comunidad que est\u00e1<br>resistiendo, a una comunidad que est\u00e1 viendo violados sus<br>derechos y su dignidad todos los d\u00edas y que eso es<br>absolutamente ajusto, eso hay que decirlo con todas sus<br>letras\u00bb, a\u00f1adi\u00f3.<\/p>\n\n\n\n<p>VALPARAISO.- Como deficiente e incapaz califica un proyecto<br>de resoluci\u00f3n aprobado por la C\u00e1mara de Diputados a la<br>gesti\u00f3n de la alcaldesa de Santiago, la comunista Irac\u00ed<br>Hassler. Se denuncian \u00abniveles in\u00e9ditos en cuanto a<br>inseguridad e insalubridad, negligencia en la mantenci\u00f3n del<br>aseo y ornato comunal, m\u00e1s los efectos del desbordado<br>comercio informal\u00bb. Tambi\u00e9n se alude a \u00abla compleja crisis\u00bb<br>en los colegios. La iniciativa fue ingresada por diputados de<br>RN.<\/p>\n\n\n\n<p>SANTIAGO.- Un incendio registrado durante las primeras horas<br>de este jueves dej\u00f3 a tres v\u00edctimas fatales, una madre con<br>sus dos hijos. El siniestro que ocurri\u00f3 en Avenida Portugal,<br>comuna de Santiago, en un cit\u00e9 de la mencionada calle. De<br>acuerdo a la informaci\u00f3n proporcionada por personal de<br>Carabineros, los fallecidos son una mujer adulta, un<br>adolescente y otro menor de tan solo 8 a\u00f1os, los que quedaron<br>atrapados en una habitaci\u00f3n.<\/p>\n","protected":false},"excerpt":{"rendered":"<p>SANTIAGO.- El Presidente Gabriel Boric anunci\u00f3 que Chileabrir\u00e1, durante su Gobierno, una embajada en Palestina,elevando as\u00ed las relaciones diplom\u00e1ticas que actualmenteest\u00e1n representadas por un encargado de negocios. ElMandatario hizo el&#8230; <a class=\"read-more\" href=\"https:\/\/www.radiopresidenteibanez.cl\/web\/informativo-matinal-orbe-4\/\">Leer m\u00e1s<\/a><\/p>\n","protected":false},"author":2,"featured_media":35852,"comment_status":"closed","ping_status":"closed","sticky":false,"template":"","format":"standard","meta":{"footnotes":""},"categories":[1],"tags":[],"class_list":["post-35851","post","type-post","status-publish","format-standard","has-post-thumbnail","hentry","category-cronica"],"_links":{"self":[{"href":"https:\/\/www.radiopresidenteibanez.cl\/web\/wp-json\/wp\/v2\/posts\/35851","targetHints":{"allow":["GET"]}}],"collection":[{"href":"https:\/\/www.radiopresidenteibanez.cl\/web\/wp-json\/wp\/v2\/posts"}],"about":[{"href":"https:\/\/www.radiopresidenteibanez.cl\/web\/wp-json\/wp\/v2\/types\/post"}],"author":[{"embeddable":true,"href":"https:\/\/www.radiopresidenteibanez.cl\/web\/wp-json\/wp\/v2\/users\/2"}],"replies":[{"embeddable":true,"href":"https:\/\/www.radiopresidenteibanez.cl\/web\/wp-json\/wp\/v2\/comments?post=35851"}],"version-history":[{"count":0,"href":"https:\/\/www.radiopresidenteibanez.cl\/web\/wp-json\/wp\/v2\/posts\/35851\/revisions"}],"wp:featuredmedia":[{"embeddable":true,"href":"https:\/\/www.radiopresidenteibanez.cl\/web\/wp-json\/wp\/v2\/media\/35852"}],"wp:attachment":[{"href":"https:\/\/www.radiopresidenteibanez.cl\/web\/wp-json\/wp\/v2\/media?parent=35851"}],"wp:term":[{"taxonomy":"category","embeddable":true,"href":"https:\/\/www.radiopresidenteibanez.cl\/web\/wp-json\/wp\/v2\/categories?post=35851"},{"taxonomy":"post_tag","embeddable":true,"href":"https:\/\/www.radiopresidenteibanez.cl\/web\/wp-json\/wp\/v2\/tags?post=35851"}],"curies":[{"name":"wp","href":"https:\/\/api.w.org\/{rel}","templated":true}]}}