{"id":35845,"date":"2022-12-22T08:23:00","date_gmt":"2022-12-22T11:23:00","guid":{"rendered":"https:\/\/www.radiopresidenteibanez.cl\/web\/?p=35845"},"modified":"2022-12-22T08:13:05","modified_gmt":"2022-12-22T11:13:05","slug":"autoridades-de-magallanes-realizan-llamado-a-confiar-en-la-aplicacion-de-la-encuesta-casen-2022","status":"publish","type":"post","link":"https:\/\/www.radiopresidenteibanez.cl\/web\/autoridades-de-magallanes-realizan-llamado-a-confiar-en-la-aplicacion-de-la-encuesta-casen-2022\/","title":{"rendered":"<strong>Autoridades de Magallanes realizan llamado a confiar en la aplicaci\u00f3n de la Encuesta Casen 2022<\/strong>"},"content":{"rendered":"\n<p>Un llamado a responder la Encuesta de Caracterizaci\u00f3n Socioecon\u00f3mica (Casen 2022) por parte de la ciudadan\u00eda efectuaron esta ma\u00f1ana las autoridades, lideradas por la Delegada Presidencial Regional de Magallanes, Luz Berm\u00fadez Sandoval.<\/p>\n\n\n\n<p>Esta encuesta que realiza desde el 1990 el Ministerio de Desarrollo Social y Familia se encarga de conocer la situaci\u00f3n&nbsp; socioecon\u00f3mica de los hogares, especialmente de aquellos en situaci\u00f3n de pobreza y de aquellos grupos definidos como prioritarios por la pol\u00edtica social, con relaci\u00f3n a aspectos demogr\u00e1ficos, de educaci\u00f3n, salud, vivienda, trabajo e ingresos.<\/p>\n\n\n\n<p>En compa\u00f1\u00eda del Secretario Regional de Desarrollo Social y Familia, Danilo Mimica Mansilla; y del Secretario Regional de Gobierno, Andro Mimica Guerrero, la m\u00e1xima autoridad regional se\u00f1al\u00f3 que \u201ces la primera vez que Casen se est\u00e1 aplicando en todas las comunas de Magallanes, lo que significa un gran logro para el Gobierno para poder dirigir las pol\u00edticas p\u00fablicas a los territorios y que contribuyan a un gasto eficaz y eficiente. Sin bien el trabajo de campo se extender\u00e1 hasta el 31 de enero de 2023, los \u00faltimos datos se\u00f1alan que Magallanes registra un logro de un 35,6%, cifra que se ubica por debajo de lo esperado seg\u00fan las proyecciones. Por ello, el llamado es que&nbsp;cuando un encuestador llegue a su casa, sea acogido y se le responda la encuesta para tener la mejor fotograf\u00eda de lo que es la situaci\u00f3n socioecon\u00f3mica de los hogares\u201d.<\/p>\n\n\n\n<p>La muestra objetivo de Casen en Magallanes es de 1.925 viviendas. Para llegar a esta cifra, se contempla un sobremuestreo de&nbsp;3.194, las que fueron seleccionadas de manera aleatoria, de modo de representar la realidad de los hogares.<\/p>\n\n\n\n<p>El trabajo en la regi\u00f3n lo efect\u00faa un grupo de 34 encuestadores y encuestadoras a cargo del&nbsp;Centro de&nbsp; Microdatos&nbsp; de&nbsp; la&nbsp; Universidad&nbsp; de&nbsp; Chile, organismo que fue adjudicado mediante licitaci\u00f3n p\u00fablica para realizar el levantamiento de datos de la encuesta.<\/p>\n\n\n\n<p>El SEREMI de Desarrollo Social y Familia&nbsp; enfatiz\u00f3 que participar en la encuesta Casen no otorga ni impide acceder a beneficios sociales. \u201cDebemos tener confianza en el proceso para que los resultados sean lo m\u00e1s parecido a la realidad que enfrentan los hogares. Hay que dejar claro que no se gana ni se pierde ning\u00fan beneficio por contestar la encuesta. Todas las respuestas son de car\u00e1cter confidencial, es decir, no se asociar\u00e1n con la vivienda ni con las personas que residen en ella y ser\u00e1n utilizadas \u00fanicamente para fines estad\u00edsticos. La confidencialidad de las respuestas est\u00e1 protegida por ley\u201d, destac\u00f3 la autoridad.&nbsp;<\/p>\n\n\n\n<p>Finalmente, el SEREMI de Gobierno explic\u00f3 que \u201choy nos acompa\u00f1a una encuestadora, Edith Gallardo, quien nos ha contado que el mayor inconveniente que han presenciado es que las personas no abren las puertas de sus hogares. El llamado es a que la ciudadan\u00eda se informe mediante los canales oficiales sobre Casen y se den el tiempo de atenderlos. Ellos portan una credencial, que se\u00f1ala nombre, RUT y fotograf\u00eda, que le identifica como integrante del equipo del Centro de Microdatos de la Universidad de Chile, sus identidades se pueden corroborar ingresando su RUT en la secci\u00f3n \u201cEncuestadores\u201d de la p\u00e1gina&nbsp;<a href=\"http:\/\/www.microdatos.cl\/\" target=\"_blank\" rel=\"noreferrer noopener\">www.microdatos.cl<\/a>&nbsp;y tambi\u00e9n se puede acceder a este verificador a trav\u00e9s de&nbsp;<a href=\"http:\/\/www.casen2022.cl\/\" target=\"_blank\" rel=\"noreferrer noopener\">www.casen2022.cl<\/a>\u201d.<\/p>\n\n\n\n<p>Los primeros resultados de Casen 2022 estar\u00e1n a partir de julio del pr\u00f3ximo a\u00f1o y permitir\u00e1n dise\u00f1ar mejores pol\u00edticas p\u00fablicas en todas las regiones del pa\u00eds, conocer la situaci\u00f3n de los hogares en ingresos, educaci\u00f3n, trabajo y seguridad social, vivienda y entorno, y redes y cohesi\u00f3n social. Al mismo tiempo, permitir\u00e1 evaluar el impacto de la pol\u00edtica social, ya que entrega una radiograf\u00eda de la realidad socioecon\u00f3mica de nuestro pa\u00eds.<\/p>\n","protected":false},"excerpt":{"rendered":"<p>Un llamado a responder la Encuesta de Caracterizaci\u00f3n Socioecon\u00f3mica (Casen 2022) por parte de la ciudadan\u00eda efectuaron esta ma\u00f1ana las autoridades, lideradas por la Delegada Presidencial Regional de Magallanes, Luz&#8230; <a class=\"read-more\" href=\"https:\/\/www.radiopresidenteibanez.cl\/web\/autoridades-de-magallanes-realizan-llamado-a-confiar-en-la-aplicacion-de-la-encuesta-casen-2022\/\">Leer m\u00e1s<\/a><\/p>\n","protected":false},"author":2,"featured_media":35846,"comment_status":"closed","ping_status":"closed","sticky":false,"template":"","format":"standard","meta":{"footnotes":""},"categories":[1],"tags":[],"class_list":["post-35845","post","type-post","status-publish","format-standard","has-post-thumbnail","hentry","category-cronica"],"_links":{"self":[{"href":"https:\/\/www.radiopresidenteibanez.cl\/web\/wp-json\/wp\/v2\/posts\/35845","targetHints":{"allow":["GET"]}}],"collection":[{"href":"https:\/\/www.radiopresidenteibanez.cl\/web\/wp-json\/wp\/v2\/posts"}],"about":[{"href":"https:\/\/www.radiopresidenteibanez.cl\/web\/wp-json\/wp\/v2\/types\/post"}],"author":[{"embeddable":true,"href":"https:\/\/www.radiopresidenteibanez.cl\/web\/wp-json\/wp\/v2\/users\/2"}],"replies":[{"embeddable":true,"href":"https:\/\/www.radiopresidenteibanez.cl\/web\/wp-json\/wp\/v2\/comments?post=35845"}],"version-history":[{"count":0,"href":"https:\/\/www.radiopresidenteibanez.cl\/web\/wp-json\/wp\/v2\/posts\/35845\/revisions"}],"wp:featuredmedia":[{"embeddable":true,"href":"https:\/\/www.radiopresidenteibanez.cl\/web\/wp-json\/wp\/v2\/media\/35846"}],"wp:attachment":[{"href":"https:\/\/www.radiopresidenteibanez.cl\/web\/wp-json\/wp\/v2\/media?parent=35845"}],"wp:term":[{"taxonomy":"category","embeddable":true,"href":"https:\/\/www.radiopresidenteibanez.cl\/web\/wp-json\/wp\/v2\/categories?post=35845"},{"taxonomy":"post_tag","embeddable":true,"href":"https:\/\/www.radiopresidenteibanez.cl\/web\/wp-json\/wp\/v2\/tags?post=35845"}],"curies":[{"name":"wp","href":"https:\/\/api.w.org\/{rel}","templated":true}]}}