{"id":3584,"date":"2019-04-22T15:20:47","date_gmt":"2019-04-22T15:20:47","guid":{"rendered":"http:\/\/www.radiopresidenteibanez.cl\/web\/?p=3584"},"modified":"2019-04-22T15:21:26","modified_gmt":"2019-04-22T15:21:26","slug":"en-el-inicio-de-la-campana-del-narcotest-en-punta-arenas-conductor-fue-detenido-por-consumo-de-cocaina","status":"publish","type":"post","link":"https:\/\/www.radiopresidenteibanez.cl\/web\/en-el-inicio-de-la-campana-del-narcotest-en-punta-arenas-conductor-fue-detenido-por-consumo-de-cocaina\/","title":{"rendered":"EN EL INICIO DE LA CAMPA\u00d1A DEL NARCOTEST, EN PUNTA ARENAS CONDUCTOR FUE DETENIDO POR CONSUMO DE COCA\u00cdNA"},"content":{"rendered":"\n<p>El pasado jueves a eso de las\n22:00 horas, debut\u00f3 en Punta Arenas, el narcotest, en la oportunidad de la\nactividad de lanzamiento participaron distintas autoridades regionales junto a\nCarabineros quienes realizaron algunas fiscalizaciones a los conductores que\ntransitaban por sectores c\u00e9ntricos de la ciudad capital de Magallanes.<\/p>\n\n\n\n<p>En el d\u00eda del lanzamiento, el\nIntendente de Magallanes, Jos\u00e9 Fern\u00e1ndez, explic\u00f3 que \u201clo que se busca con esta\ncampa\u00f1a de elige vivir sin drogas, es poder darle la seguridad a la ciudadan\u00eda\nde que no habr\u00e1 conductores bajo los efectos de los estupefacientes conduciendo\u201d,\nas\u00ed tambi\u00e9n la m\u00e1xima autoridad agreg\u00f3 que \u201cexiste tan solo una m\u00e1quina de\nnarcotest en la regi\u00f3n\u201d.<\/p>\n\n\n\n<p>Pero no fue hasta la madrugada\ndel s\u00e1bado que un conductor al ser fiscalizado fue sorprendido conduciendo bajo\nlos efectos de la droga, espec\u00edficamente clorhidrato de coca\u00edna. <\/p>\n\n\n\n<p>Ante la primera fiscalizaci\u00f3n, el\nCapit\u00e1n de la Primera Comisaria de Punta Arenas, Danilo Mu\u00f1oz, explic\u00f3 que \u201cla\nrealizaci\u00f3n del test y control de detenci\u00f3n se efectu\u00f3 en total normalidad, fue\nentregado a la justicia y realizado el procedimiento de rigor correspondiente\u201d.<\/p>\n\n\n\n<p>El conductor luego de su proceso\njudicial, qued\u00f3 en libertad con la retenci\u00f3n de su licencia hasta la\nfinalizaci\u00f3n del caso, mientras que el autom\u00f3vil fue entregado a un adulto\nmayor que no estuviera bajo los efectos del alcohol ni drogas. <\/p>\n\n\n\n<p>Las drogas que detecta el test,\nson; coca\u00edna, marihuana, opi\u00e1ceos, metanfetamina y anfetamina, as\u00ed tambi\u00e9n\nsustancias que tambi\u00e9n est\u00e1n presentes en distintas proporciones en f\u00e1rmacos de\nuso m\u00e1s usual, a lo anterior se suman; el Tramadol, Vicod\u00edn, Codeina y Demerol.<\/p>\n\n\n\n<p>La ley impide que se mida los\nbenzodiacepinas que son sedantes como el clonazepam y el alprazolam, debido a\nque estos f\u00e1rmacos tienen un alto porcentaje de arrojar un falso positivo en el\nnarcotest, lo cual podr\u00eda afectar a los conductores que consumen dichos\nmedicamentos por receta m\u00e9dica.<\/p>\n\n\n\n<p>Al marcar positivo el test puede arriesgar penas desde presidio menor en su grado m\u00ednimo y una multa entre 2 a 10 UTM, hasta presidio mayor en grado m\u00ednimo y una multa de 8 a 20 UTM en el caso de causar lesiones graves grav\u00edsimas o causa de muerte a la que se puede sumar la suspensi\u00f3n o cancelaci\u00f3n de la licencia de conducir.<\/p>\n\n\n\n<figure class=\"wp-block-image\"><img loading=\"lazy\" decoding=\"async\" width=\"1024\" height=\"576\" src=\"https:\/\/www.radiopresidenteibanez.cl\/web\/wp-content\/uploads\/2019\/04\/foto_0000000120190416145209-1024x576.jpg\" alt=\"\" class=\"wp-image-3585\" srcset=\"https:\/\/www.radiopresidenteibanez.cl\/web\/wp-content\/uploads\/2019\/04\/foto_0000000120190416145209-1024x576.jpg 1024w, https:\/\/www.radiopresidenteibanez.cl\/web\/wp-content\/uploads\/2019\/04\/foto_0000000120190416145209-300x169.jpg 300w, https:\/\/www.radiopresidenteibanez.cl\/web\/wp-content\/uploads\/2019\/04\/foto_0000000120190416145209-768x432.jpg 768w, https:\/\/www.radiopresidenteibanez.cl\/web\/wp-content\/uploads\/2019\/04\/foto_0000000120190416145209.jpg 1130w\" sizes=\"auto, (max-width: 1024px) 100vw, 1024px\" \/><\/figure>\n","protected":false},"excerpt":{"rendered":"<p>El pasado jueves a eso de las 22:00 horas, debut\u00f3 en Punta Arenas, el narcotest, en la oportunidad de la actividad de lanzamiento participaron distintas autoridades regionales junto a Carabineros&#8230; <a class=\"read-more\" href=\"https:\/\/www.radiopresidenteibanez.cl\/web\/en-el-inicio-de-la-campana-del-narcotest-en-punta-arenas-conductor-fue-detenido-por-consumo-de-cocaina\/\">Leer m\u00e1s<\/a><\/p>\n","protected":false},"author":2,"featured_media":3585,"comment_status":"closed","ping_status":"closed","sticky":false,"template":"","format":"standard","meta":{"footnotes":""},"categories":[1],"tags":[],"class_list":["post-3584","post","type-post","status-publish","format-standard","has-post-thumbnail","hentry","category-cronica"],"_links":{"self":[{"href":"https:\/\/www.radiopresidenteibanez.cl\/web\/wp-json\/wp\/v2\/posts\/3584","targetHints":{"allow":["GET"]}}],"collection":[{"href":"https:\/\/www.radiopresidenteibanez.cl\/web\/wp-json\/wp\/v2\/posts"}],"about":[{"href":"https:\/\/www.radiopresidenteibanez.cl\/web\/wp-json\/wp\/v2\/types\/post"}],"author":[{"embeddable":true,"href":"https:\/\/www.radiopresidenteibanez.cl\/web\/wp-json\/wp\/v2\/users\/2"}],"replies":[{"embeddable":true,"href":"https:\/\/www.radiopresidenteibanez.cl\/web\/wp-json\/wp\/v2\/comments?post=3584"}],"version-history":[{"count":0,"href":"https:\/\/www.radiopresidenteibanez.cl\/web\/wp-json\/wp\/v2\/posts\/3584\/revisions"}],"wp:featuredmedia":[{"embeddable":true,"href":"https:\/\/www.radiopresidenteibanez.cl\/web\/wp-json\/wp\/v2\/media\/3585"}],"wp:attachment":[{"href":"https:\/\/www.radiopresidenteibanez.cl\/web\/wp-json\/wp\/v2\/media?parent=3584"}],"wp:term":[{"taxonomy":"category","embeddable":true,"href":"https:\/\/www.radiopresidenteibanez.cl\/web\/wp-json\/wp\/v2\/categories?post=3584"},{"taxonomy":"post_tag","embeddable":true,"href":"https:\/\/www.radiopresidenteibanez.cl\/web\/wp-json\/wp\/v2\/tags?post=3584"}],"curies":[{"name":"wp","href":"https:\/\/api.w.org\/{rel}","templated":true}]}}