{"id":35835,"date":"2022-12-21T17:37:00","date_gmt":"2022-12-21T20:37:00","guid":{"rendered":"https:\/\/www.radiopresidenteibanez.cl\/web\/?p=35835"},"modified":"2022-12-21T15:38:28","modified_gmt":"2022-12-21T18:38:28","slug":"la-quinta-sesion-de-consejo-consultivo-del-comite-para-hidrogeno-verde-se-realizo-en-magallanes","status":"publish","type":"post","link":"https:\/\/www.radiopresidenteibanez.cl\/web\/la-quinta-sesion-de-consejo-consultivo-del-comite-para-hidrogeno-verde-se-realizo-en-magallanes\/","title":{"rendered":"<strong>La quinta sesi\u00f3n de consejo consultivo del Comit\u00e9 para Hidr\u00f3geno Verde se realiz\u00f3 en Magallanes<\/strong>"},"content":{"rendered":"\n<p>En dependencias de la Delegaci\u00f3n Presidencial Regional de Magallanes, \u201cCasa de los Intendentes\u201d se llev\u00f3 a cabo la quinta sesi\u00f3n del Consejo Interministerial del Comit\u00e9 de Desarrollo de la Industria de Hidr\u00f3geno Verde, iniciativa que busca regular la producci\u00f3n del H2V, para enfrentar el cambio clim\u00e1tico a trav\u00e9s de la descarbonizaci\u00f3n, y a la vez promover un modelo de crecimiento m\u00e1s sustentable para nuestro pa\u00eds.<\/p>\n\n\n\n<p>En el encuentro participaron los y las titulares de los ministerios de Energ\u00eda, Econom\u00eda, Ciencias, Subsecretario de Medio Ambiente, Director de Planeamiento del MOP, Vicepresidente Ejecutivo de Corfo, Gobernador Regional y Delegada Presidencial Regional, adem\u00e1s de las Seremis de las respectivas carteras. De manera telem\u00e1tica tambi\u00e9n asistieron la Ministra de Medio Ambiente, el Ministro de Transportes y Telecomunicaciones y representantes de otros ministerios.<\/p>\n\n\n\n<p>La Delegada Presidencial Regional, Luz Berm\u00fadez Sandoval, valor\u00f3 la disposici\u00f3n de las autoridades nacionales de realizar esta sesi\u00f3n en Magallanes, manifestando que \u201cpara nosotros es s\u00faper significativo que este comit\u00e9 haya sesionado ac\u00e1 en nuestra regi\u00f3n, principalmente porque necesit\u00e1bamos que la ciudadan\u00eda fuera escuchada. Sabemos que existen temores, sabemos que hay aprehensiones y sabemos que las debemos atender, que no las podemos dejar sin respuesta. Hay muchas de ellas a las que les encontramos mucha raz\u00f3n y desde ah\u00ed tambi\u00e9n est\u00e1 la relevancia de que hoy d\u00eda se est\u00e9 lanzando esta participaci\u00f3n ciudadana. Les invitamos a inscribirse, a sumarse, porque como gobierno tenemos el compromiso de hacer las pol\u00edticas p\u00fablicas con la gente\u201d.<\/p>\n\n\n\n<p>El Ministro de Energ\u00eda, Diego Pardow, revel\u00f3 que el principal anuncio que se desprende de la sesi\u00f3n realizada durante esta jornada, es el lanzamiento del Plan de acci\u00f3n \u202a2023-2030, que contempla un segmento participativo. \u201cEse segmento est\u00e1 abierto, va a estar abierto durante todo el verano, hasta marzo. Pueden inscribirse en la p\u00e1gina web:www.plandehidrogenoverde.cl; vamos a estar realizando talleres presenciales aqu\u00ed, en la regi\u00f3n de Magallanes y tambi\u00e9n en la regi\u00f3n de Antofagasta con las personas que se inscriban, as\u00ed como talleres virtuales en todo el pa\u00eds. La idea es entender y comunicar de qu\u00e9 se trata esta industria, cu\u00e1les son los desaf\u00edos que presenta, cu\u00e1les son las oportunidades que le entrega a la poblaci\u00f3n; y por otro lado tambi\u00e9n, entender cu\u00e1les son los anhelos, las expectativas, los miedos de las personas, respecto de esta industria y sistematizarlos de tal manera que alimenten el ciclo de pol\u00edticas p\u00fablicas\u201d, explic\u00f3 Pardow.<\/p>\n\n\n\n<p>En tanto el Vicepresidente de Corfo, Jos\u00e9 Miguel Benavente, explic\u00f3 que la instituci\u00f3n participa activamente en el desarrollo de la industrializaci\u00f3n basada de hidr\u00f3geno verde en tres distintos niveles, \u201cprimero, en el comit\u00e9 participan 11 ministerios, en los cu\u00e1les CORFO provee la posibilidad de esta coordinaci\u00f3n p\u00fablica-p\u00fablica y p\u00fablica-privada; y tambi\u00e9n con la sociedad civil organizada; el segundo nivel es el programa Transforma, que se est\u00e1 implementando en la regi\u00f3n de Magallanes, hace ya un a\u00f1o, y el tercero, a trav\u00e9s de los instrumentos de CORFO apoyar desde la innovaci\u00f3n y emprendimiento.<\/p>\n","protected":false},"excerpt":{"rendered":"<p>En dependencias de la Delegaci\u00f3n Presidencial Regional de Magallanes, \u201cCasa de los Intendentes\u201d se llev\u00f3 a cabo la quinta sesi\u00f3n del Consejo Interministerial del Comit\u00e9 de Desarrollo de la Industria&#8230; <a class=\"read-more\" href=\"https:\/\/www.radiopresidenteibanez.cl\/web\/la-quinta-sesion-de-consejo-consultivo-del-comite-para-hidrogeno-verde-se-realizo-en-magallanes\/\">Leer m\u00e1s<\/a><\/p>\n","protected":false},"author":2,"featured_media":35836,"comment_status":"closed","ping_status":"closed","sticky":false,"template":"","format":"standard","meta":{"footnotes":""},"categories":[1],"tags":[],"class_list":["post-35835","post","type-post","status-publish","format-standard","has-post-thumbnail","hentry","category-cronica"],"_links":{"self":[{"href":"https:\/\/www.radiopresidenteibanez.cl\/web\/wp-json\/wp\/v2\/posts\/35835","targetHints":{"allow":["GET"]}}],"collection":[{"href":"https:\/\/www.radiopresidenteibanez.cl\/web\/wp-json\/wp\/v2\/posts"}],"about":[{"href":"https:\/\/www.radiopresidenteibanez.cl\/web\/wp-json\/wp\/v2\/types\/post"}],"author":[{"embeddable":true,"href":"https:\/\/www.radiopresidenteibanez.cl\/web\/wp-json\/wp\/v2\/users\/2"}],"replies":[{"embeddable":true,"href":"https:\/\/www.radiopresidenteibanez.cl\/web\/wp-json\/wp\/v2\/comments?post=35835"}],"version-history":[{"count":0,"href":"https:\/\/www.radiopresidenteibanez.cl\/web\/wp-json\/wp\/v2\/posts\/35835\/revisions"}],"wp:featuredmedia":[{"embeddable":true,"href":"https:\/\/www.radiopresidenteibanez.cl\/web\/wp-json\/wp\/v2\/media\/35836"}],"wp:attachment":[{"href":"https:\/\/www.radiopresidenteibanez.cl\/web\/wp-json\/wp\/v2\/media?parent=35835"}],"wp:term":[{"taxonomy":"category","embeddable":true,"href":"https:\/\/www.radiopresidenteibanez.cl\/web\/wp-json\/wp\/v2\/categories?post=35835"},{"taxonomy":"post_tag","embeddable":true,"href":"https:\/\/www.radiopresidenteibanez.cl\/web\/wp-json\/wp\/v2\/tags?post=35835"}],"curies":[{"name":"wp","href":"https:\/\/api.w.org\/{rel}","templated":true}]}}