{"id":35832,"date":"2022-12-21T15:32:20","date_gmt":"2022-12-21T18:32:20","guid":{"rendered":"https:\/\/www.radiopresidenteibanez.cl\/web\/?p=35832"},"modified":"2022-12-21T15:32:27","modified_gmt":"2022-12-21T18:32:27","slug":"edelmag-informa-5","status":"publish","type":"post","link":"https:\/\/www.radiopresidenteibanez.cl\/web\/edelmag-informa-5\/","title":{"rendered":"EDELMAG INFORMA"},"content":{"rendered":"\n<p>En relaci\u00f3n a la interrupci\u00f3n de suministro de energ\u00eda el\u00e9ctrica que afecta al sector sur de<br>Punta Arenas, la Empresa El\u00e9ctrica de Magallanes S.A. informa lo siguiente:<\/p>\n\n\n\n<p>\uf0b7 Desde las 8:55 horas de esta ma\u00f1ana 250 clientes ubicados en Barranco Amarillo<br>se encuentran sin suministro el\u00e9ctrico.<br>\uf0b7 Lo anterior debido al choque de un poste de media tensi\u00f3n, que cay\u00f3 sobre la<br>calzada, afectando adem\u00e1s a 2 estructuras aleda\u00f1as de las mismas<br>caracter\u00edsticas.<br>\uf0b7 A esta horas se encuentran en el sector las brigadas de EDELMAG y empresas<br>contratistas para el reemplazo de los 3 postes de media tensi\u00f3n afectados. Se<br>estima que los trabajos finalicen alrededor de las 17:00 horas.<br>\uf0b7 Se reitera que se encuentra disponible el Fono Clientes 800 800 400 y la cuenta<br>twitter @edelmag_sos, para consultas. Para una atenci\u00f3n m\u00e1s expedita, es<br>importante que tengan a mano su n\u00famero de cliente que se encuentra impreso en<br>la parte superior de la boleta.<\/p>\n","protected":false},"excerpt":{"rendered":"<p>En relaci\u00f3n a la interrupci\u00f3n de suministro de energ\u00eda el\u00e9ctrica que afecta al sector sur dePunta Arenas, la Empresa El\u00e9ctrica de Magallanes S.A. informa lo siguiente: \uf0b7 Desde las 8:55&#8230; <a class=\"read-more\" href=\"https:\/\/www.radiopresidenteibanez.cl\/web\/edelmag-informa-5\/\">Leer m\u00e1s<\/a><\/p>\n","protected":false},"author":2,"featured_media":35833,"comment_status":"closed","ping_status":"closed","sticky":false,"template":"","format":"standard","meta":{"footnotes":""},"categories":[1],"tags":[],"class_list":["post-35832","post","type-post","status-publish","format-standard","has-post-thumbnail","hentry","category-cronica"],"_links":{"self":[{"href":"https:\/\/www.radiopresidenteibanez.cl\/web\/wp-json\/wp\/v2\/posts\/35832","targetHints":{"allow":["GET"]}}],"collection":[{"href":"https:\/\/www.radiopresidenteibanez.cl\/web\/wp-json\/wp\/v2\/posts"}],"about":[{"href":"https:\/\/www.radiopresidenteibanez.cl\/web\/wp-json\/wp\/v2\/types\/post"}],"author":[{"embeddable":true,"href":"https:\/\/www.radiopresidenteibanez.cl\/web\/wp-json\/wp\/v2\/users\/2"}],"replies":[{"embeddable":true,"href":"https:\/\/www.radiopresidenteibanez.cl\/web\/wp-json\/wp\/v2\/comments?post=35832"}],"version-history":[{"count":0,"href":"https:\/\/www.radiopresidenteibanez.cl\/web\/wp-json\/wp\/v2\/posts\/35832\/revisions"}],"wp:featuredmedia":[{"embeddable":true,"href":"https:\/\/www.radiopresidenteibanez.cl\/web\/wp-json\/wp\/v2\/media\/35833"}],"wp:attachment":[{"href":"https:\/\/www.radiopresidenteibanez.cl\/web\/wp-json\/wp\/v2\/media?parent=35832"}],"wp:term":[{"taxonomy":"category","embeddable":true,"href":"https:\/\/www.radiopresidenteibanez.cl\/web\/wp-json\/wp\/v2\/categories?post=35832"},{"taxonomy":"post_tag","embeddable":true,"href":"https:\/\/www.radiopresidenteibanez.cl\/web\/wp-json\/wp\/v2\/tags?post=35832"}],"curies":[{"name":"wp","href":"https:\/\/api.w.org\/{rel}","templated":true}]}}