{"id":35822,"date":"2022-12-21T16:25:00","date_gmt":"2022-12-21T19:25:00","guid":{"rendered":"https:\/\/www.radiopresidenteibanez.cl\/web\/?p=35822"},"modified":"2022-12-21T10:52:02","modified_gmt":"2022-12-21T13:52:02","slug":"amplia-convocatoria-y-buen-tiempo-de-respuesta-tuvo-simulacro-organizado-por-epaustral","status":"publish","type":"post","link":"https:\/\/www.radiopresidenteibanez.cl\/web\/amplia-convocatoria-y-buen-tiempo-de-respuesta-tuvo-simulacro-organizado-por-epaustral\/","title":{"rendered":"<strong>Amplia convocatoria y buen tiempo de respuesta tuvo simulacro organizado por Epaustral<\/strong>"},"content":{"rendered":"\n<p>Trabajadores de ocho unidades ubicadas al interior del Terminal Jos\u00e9 de los Santos Mardones de la Empresa Portuaria Austral, participaron en un simulacro interno de evacuaci\u00f3n total por tsunami y terremoto, con persona herida, convocado por el \u00c1rea de Prevenci\u00f3n de Riesgos.<\/p>\n\n\n\n<p>La actividad fue avisada oportunamente a la Capitan\u00eda de Puerto y cont\u00f3 con el apoyo de Magallanes Puerto Sostenible a trav\u00e9s del Instituto de Seguridad del Trabajo (IST) y Ultraport. Adem\u00e1s, participaron en calidad de observadores nueve personas del Comit\u00e9 Paritario de Faena Portuaria (Broom, Ultraport, IST), Comit\u00e9 Paritario de Higiene y Seguridad de Epaustral, junto al prevencionista de riesgos de la empresa, Leonardo Quilam\u00e1n.<\/p>\n\n\n\n<p>La encargada de Prevenci\u00f3n de Riesgos de la Empresa Portuaria Austral, Carolina Su\u00e1rez, explic\u00f3 que \u201cestos simulacros sirven para chequear y reforzar las rutinas de reacci\u00f3n en caso de emergencia. En este caso, fue efectivo tanto por el tiempo alcanzado como por el conocimiento de los participantes, que sab\u00edan d\u00f3nde estaban los lugares de encuentro. Personal de las dos empresas que no participaron se mantuvo en sus lugares y, como corresponde en una emergencia real de este tipo, quienes estaban en los buques permanecieron a bordo. Cabe destacar que se mantuvo la calma y el respeto durante la actividad en que se evacu\u00f3 todo el muelle y alrededores, contemplando el r\u00e1pido rscate de una persona lesionada a quien se le practicaron los primeros auxilios\u00bb.<\/p>\n\n\n\n<p>El gerente general de Epaustral, Rodrigo Pommiez, estuvo presente en la operaci\u00f3n, as\u00ed como la gerenta de Servicios, Marcela Mansilla. Entre las empresas y servicios participantes estuvieron Aduanas, Endepe, Saam, Ultramar, Ultraport (oficina, taller y staking), adem\u00e1s del \u00e1rea de operaciones de Epaustral y la empresa de guardias que presta servicios al interior de las instalaciones.<\/p>\n\n\n\n<p>Carolina Su\u00e1rez recalc\u00f3 la importancia de que todos quienes se desempe\u00f1an en las instalaciones portuarias conozcan los procedimientos a seguir, tanto el equipo Epaustral como personal de otras empresas, ya sea que trabajen en terminales o las rampas de conectividad. La iniciativa se enmarca en uno de los lineamientos de la Pol\u00edtica de Gesti\u00f3n de Seguridad y Salud en el Trabajo vigente en la empresa, referida a \u00abasegurar que nuestras pol\u00edticas, valores y procedimientos sean aplicados por todos nuestros colaboradores, as\u00ed como personas que se encuentren en los recintos portuarios\u00bb.<\/p>\n","protected":false},"excerpt":{"rendered":"<p>Trabajadores de ocho unidades ubicadas al interior del Terminal Jos\u00e9 de los Santos Mardones de la Empresa Portuaria Austral, participaron en un simulacro interno de evacuaci\u00f3n total por tsunami y&#8230; <a class=\"read-more\" href=\"https:\/\/www.radiopresidenteibanez.cl\/web\/amplia-convocatoria-y-buen-tiempo-de-respuesta-tuvo-simulacro-organizado-por-epaustral\/\">Leer m\u00e1s<\/a><\/p>\n","protected":false},"author":2,"featured_media":35823,"comment_status":"closed","ping_status":"closed","sticky":false,"template":"","format":"standard","meta":{"footnotes":""},"categories":[1],"tags":[],"class_list":["post-35822","post","type-post","status-publish","format-standard","has-post-thumbnail","hentry","category-cronica"],"_links":{"self":[{"href":"https:\/\/www.radiopresidenteibanez.cl\/web\/wp-json\/wp\/v2\/posts\/35822","targetHints":{"allow":["GET"]}}],"collection":[{"href":"https:\/\/www.radiopresidenteibanez.cl\/web\/wp-json\/wp\/v2\/posts"}],"about":[{"href":"https:\/\/www.radiopresidenteibanez.cl\/web\/wp-json\/wp\/v2\/types\/post"}],"author":[{"embeddable":true,"href":"https:\/\/www.radiopresidenteibanez.cl\/web\/wp-json\/wp\/v2\/users\/2"}],"replies":[{"embeddable":true,"href":"https:\/\/www.radiopresidenteibanez.cl\/web\/wp-json\/wp\/v2\/comments?post=35822"}],"version-history":[{"count":0,"href":"https:\/\/www.radiopresidenteibanez.cl\/web\/wp-json\/wp\/v2\/posts\/35822\/revisions"}],"wp:featuredmedia":[{"embeddable":true,"href":"https:\/\/www.radiopresidenteibanez.cl\/web\/wp-json\/wp\/v2\/media\/35823"}],"wp:attachment":[{"href":"https:\/\/www.radiopresidenteibanez.cl\/web\/wp-json\/wp\/v2\/media?parent=35822"}],"wp:term":[{"taxonomy":"category","embeddable":true,"href":"https:\/\/www.radiopresidenteibanez.cl\/web\/wp-json\/wp\/v2\/categories?post=35822"},{"taxonomy":"post_tag","embeddable":true,"href":"https:\/\/www.radiopresidenteibanez.cl\/web\/wp-json\/wp\/v2\/tags?post=35822"}],"curies":[{"name":"wp","href":"https:\/\/api.w.org\/{rel}","templated":true}]}}