{"id":3582,"date":"2019-04-22T15:01:53","date_gmt":"2019-04-22T15:01:53","guid":{"rendered":"http:\/\/www.radiopresidenteibanez.cl\/web\/?p=3582"},"modified":"2019-04-22T15:02:38","modified_gmt":"2019-04-22T15:02:38","slug":"con-la-presencia-de-sindicatos-de-trabajadores-empresa-mina-invierno-entregara-antecedentes-por-situacion-de-tronaduras-en-tribunal-ambiental-de-valdivia","status":"publish","type":"post","link":"https:\/\/www.radiopresidenteibanez.cl\/web\/con-la-presencia-de-sindicatos-de-trabajadores-empresa-mina-invierno-entregara-antecedentes-por-situacion-de-tronaduras-en-tribunal-ambiental-de-valdivia\/","title":{"rendered":"CON LA PRESENCIA DE SINDICATOS DE TRABAJADORES, EMPRESA MINA INVIERNO ENTREGAR\u00c1 ANTECEDENTES POR SITUACI\u00d3N DE TRONADURAS EN TRIBUNAL AMBIENTAL DE VALDIVIA"},"content":{"rendered":"\n<p>Este pr\u00f3ximo 24 de abril, Mina Invierno tendr\u00e1 una audiencia\nen el Tercer Tribunal Ambiental de Valdivia en la ocasi\u00f3n har\u00e1n entrega de\nantecedentes que logren revertir la decisi\u00f3n tomada por la instituci\u00f3n\nambiental, quienes, de no otorgar los permisos para realizar tronaduras en Isla\nRiesco, la empresa comenzar\u00eda el cierre a fines de mayo de faenas extractivas\nhasta noviembre, el que podr\u00eda afectar a cerca de 1500 trabajadores, as\u00ed lo\ncoment\u00f3 en una entrevista al diario \u201cPulso Econ\u00f3mico\u201d de La Tercera, el Gerente\nRegional de la empresa minera, Guillermo Hern\u00e1ndez.<\/p>\n\n\n\n<p>La empresa Mina Invierno, de los grupos Angelini y Von Appen,\nestaba realizando los trabajos de tronaduras bajo la cota de 100 metros sobre\nel nivel del mar. Por otra parte, a comienzo del mes de abril, iniciaron un\nprograma que indicaba la reducci\u00f3n de sus operaciones, que inici\u00f3 con la\nparalizaci\u00f3n de un tercio de la flota de equipos de extracci\u00f3n de material\nest\u00e9ril, lo que provoc\u00f3 el despido de 45 trabajadores.<\/p>\n\n\n\n<p>En este sentido, el vocero del Sindicato Portuario de Mina\nInvierno, Carlos Ampuero, coment\u00f3 en primera instancia que \u201calgunos\ntrabajadores pertenecientes a los sindicatos viajaremos este lunes hasta\nValdivia con la finalidad de participar el mi\u00e9rcoles en la audiencia, no\nqueremos que m\u00e1s de mil personas se queden sin trabajo, por la situaci\u00f3n de las\ntronaduras\u201d.<\/p>\n\n\n\n<p>A lo anterior agreg\u00f3 que \u201chemos tenido conversaciones con\nvarias autoridades tanto nacionales como regionales, y no vemos alguna soluci\u00f3n\nen el caso de quedar sin trabajo y eso es lo que m\u00e1s nos preocupa, al parecer\nellos no tienen inter\u00e9s en el tema, la seremi del trabajo nos coment\u00f3 que nos pod\u00eda\nhacer los contacto con la OMIL de Punta Arenas, pero eso no soluciona el\nproblema\u201d, concluy\u00f3 Ampuero.<\/p>\n\n\n\n<p>Finalmente, la empresa posterg\u00f3 indefinidamente la contrataci\u00f3n de nuevos operadores que se encontraba en marcha con la idea de poder tener mayor personal y producci\u00f3n en sus labores.<\/p>\n\n\n\n<figure class=\"wp-block-image\"><img loading=\"lazy\" decoding=\"async\" width=\"677\" height=\"400\" src=\"http:\/\/www.radiopresidenteibanez.cl\/web\/wp-content\/uploads\/2019\/01\/Mina-Invierno.jpg\" alt=\"\" class=\"wp-image-391\" srcset=\"https:\/\/www.radiopresidenteibanez.cl\/web\/wp-content\/uploads\/2019\/01\/Mina-Invierno.jpg 677w, https:\/\/www.radiopresidenteibanez.cl\/web\/wp-content\/uploads\/2019\/01\/Mina-Invierno-300x177.jpg 300w\" sizes=\"auto, (max-width: 677px) 100vw, 677px\" \/><\/figure>\n","protected":false},"excerpt":{"rendered":"<p>Este pr\u00f3ximo 24 de abril, Mina Invierno tendr\u00e1 una audiencia en el Tercer Tribunal Ambiental de Valdivia en la ocasi\u00f3n har\u00e1n entrega de antecedentes que logren revertir la decisi\u00f3n tomada&#8230; <a class=\"read-more\" href=\"https:\/\/www.radiopresidenteibanez.cl\/web\/con-la-presencia-de-sindicatos-de-trabajadores-empresa-mina-invierno-entregara-antecedentes-por-situacion-de-tronaduras-en-tribunal-ambiental-de-valdivia\/\">Leer m\u00e1s<\/a><\/p>\n","protected":false},"author":2,"featured_media":391,"comment_status":"closed","ping_status":"closed","sticky":false,"template":"","format":"standard","meta":{"footnotes":""},"categories":[1],"tags":[],"class_list":["post-3582","post","type-post","status-publish","format-standard","has-post-thumbnail","hentry","category-cronica"],"_links":{"self":[{"href":"https:\/\/www.radiopresidenteibanez.cl\/web\/wp-json\/wp\/v2\/posts\/3582","targetHints":{"allow":["GET"]}}],"collection":[{"href":"https:\/\/www.radiopresidenteibanez.cl\/web\/wp-json\/wp\/v2\/posts"}],"about":[{"href":"https:\/\/www.radiopresidenteibanez.cl\/web\/wp-json\/wp\/v2\/types\/post"}],"author":[{"embeddable":true,"href":"https:\/\/www.radiopresidenteibanez.cl\/web\/wp-json\/wp\/v2\/users\/2"}],"replies":[{"embeddable":true,"href":"https:\/\/www.radiopresidenteibanez.cl\/web\/wp-json\/wp\/v2\/comments?post=3582"}],"version-history":[{"count":0,"href":"https:\/\/www.radiopresidenteibanez.cl\/web\/wp-json\/wp\/v2\/posts\/3582\/revisions"}],"wp:featuredmedia":[{"embeddable":true,"href":"https:\/\/www.radiopresidenteibanez.cl\/web\/wp-json\/wp\/v2\/media\/391"}],"wp:attachment":[{"href":"https:\/\/www.radiopresidenteibanez.cl\/web\/wp-json\/wp\/v2\/media?parent=3582"}],"wp:term":[{"taxonomy":"category","embeddable":true,"href":"https:\/\/www.radiopresidenteibanez.cl\/web\/wp-json\/wp\/v2\/categories?post=3582"},{"taxonomy":"post_tag","embeddable":true,"href":"https:\/\/www.radiopresidenteibanez.cl\/web\/wp-json\/wp\/v2\/tags?post=3582"}],"curies":[{"name":"wp","href":"https:\/\/api.w.org\/{rel}","templated":true}]}}