{"id":35819,"date":"2022-12-21T15:10:00","date_gmt":"2022-12-21T18:10:00","guid":{"rendered":"https:\/\/www.radiopresidenteibanez.cl\/web\/?p=35819"},"modified":"2022-12-21T10:44:41","modified_gmt":"2022-12-21T13:44:41","slug":"exitoso-cierre-de-talleres-de-reactivacion-cultural-en-punta-arenas","status":"publish","type":"post","link":"https:\/\/www.radiopresidenteibanez.cl\/web\/exitoso-cierre-de-talleres-de-reactivacion-cultural-en-punta-arenas\/","title":{"rendered":"Exitoso cierre de talleres de reactivaci\u00f3n cultural en Punta Arenas"},"content":{"rendered":"\n<p>Con una muestra de las obras resultantes de los procesos formativos, concluyeron<br>veintis\u00e9is talleres impulsados por la Seremi de las Culturas, las Artes y el<br>Patrimonio, en el marco de la reactivaci\u00f3n econ\u00f3mica y de empleabilidad del<br>sector e insertos en el Plan Chile Apoya.<br>La iniciativa, ejecutada por Casa Azul del Arte y en articulaci\u00f3n con la red de<br>espacios culturales de Punta Arenas, alcanz\u00f3 una amplia cobertura. Trescientos<br>treinta y un ni\u00f1as, ni\u00f1os, j\u00f3venes y adultos participaron en los cursos dictados en<br>las disciplinas de arte textil, teatro, tallado en madera, modelado en greda,<br>danza, poes\u00eda, canto, cuentacuentos, producci\u00f3n musical y fotograf\u00eda. Este<br>dispositivo signific\u00f3 la contrataci\u00f3n de veintid\u00f3s artistas y creadores que<br>lideraron los procesos formativos, desarrollados en diferentes puntos de la<br>ciudad de Punta Arenas.<br>\u201cEstamos muy contentos de haber llegado al t\u00e9rmino de esta serie de talleres<br>que se han estado desarrollando en el marco del plan Chile Apoya a la<br>recuperaci\u00f3n y reactivaci\u00f3n econ\u00f3mica laboral, espec\u00edficamente, para el sector<br>art\u00edstico cultural de la regi\u00f3n de Magallanes. Ha sido un trabajo que se despleg\u00f3<br>en las cuatro provincias, con m\u00faltiples talleres y disciplinas que se estuvieron<br>trabajando durante todo este segundo semestre y ten\u00eda, justamente, por<br>prop\u00f3sito poder aportar a ese proceso, a trav\u00e9s de la contrataci\u00f3n, favoreciendo<br>la empleabilidad del sector, apostando por los procesos formativos con la<br>articulaci\u00f3n y la vinculaci\u00f3n con la red de espacios culturales del Ministerio y el<br>trabajo interministerial, con otras instituciones como el Ministerio de Vivienda y<\/p>\n\n\n\n<p>el de Transporte y Telecomunicaciones\u201d, explic\u00f3 Diego Garc\u00eda, tras la muestra<br>efectuada este lunes en dependencias de la Sociedad de Instrucci\u00f3n Popular de<br>Magallanes.<br>La propuesta consider\u00f3 un trabajo colaboraci\u00f3n en el que intervinieron los<br>espacios culturales&nbsp;Zur V\u00e9rtice, Imago Costanera, Clap, La Idea, Agaci y Casa<br>Azul del Arte; las juntas de vecinos&nbsp;El Ping\u00fcino, Juan Pablo II y Camilo<br>Henr\u00edquez, y las Seremi de Vivienda y Urbanismo, a trav\u00e9s del programa Quiero<br>Mi Barrio, y Transportes y Telecomunicaciones.<br>\u201cRespecto a la instancia de la reactivaci\u00f3n es s\u00faper bueno, tanto para los artistas<br>locales, como para las personas que consumen arte y cultura en la regi\u00f3n. Es una<br>motivaci\u00f3n a seguir hacia adelante y desde ese lugar estamos muy contentos.<br>Creo que fue un \u00e9xito la propuesta de Ministerio de las Culturas, en conjunto con<br>Casa Azul\u201d, coment\u00f3 Javier Ojeda, del espacio Zur V\u00e9rtice.<br>La jornada de exhibici\u00f3n y clausura, a la que asistieron alumnas, alumnos,<br>talleristas y p\u00fablico en general, incluy\u00f3 adem\u00e1s presentaciones art\u00edsticas<br>interpretadas por los asistentes a los talleres. \u201cLogramos el objetivo final, que<br>era conseguir que los participantes del taller pudieran hacer unas creaciones muy<br>bonitas, profundas y con una voz propia tambi\u00e9n. Estoy muy agradecida de este<br>espacio para poder entregar un poco de conocimiento y m\u00e1s que nada, prender la<br>mechita para que otras personas se entusiasmen con la creaci\u00f3n literaria\u201d, dijo<br>Ana Marl\u00e9n Guerra, quien dict\u00f3 el taller de Poes\u00eda en Movimiento y cuyas<br>alumnas y alumnos leyeron parte de sus trabajos durante el evento.<br>La artesana del pueblo Kaw\u00e9sqar, Carolina Quintul, quien estuvo a cargo del<br>curso \u201cTengo un bello canastito (tejido en junquillo)\u201d, calific\u00f3 el proyecto<br>financiado por los programas Red Cultura e Iniciativas Estrat\u00e9gicas Regionales del<br>\u00e1rea de Ciudadan\u00eda del Ministerio de las Culturas, como \u201cmuy bueno que se sigan<br>ocupando estos espacios. Es primera vez que participo en esto. Trabajo en otros<br>lados, pero me gustar\u00eda que siempre se tome en cuenta la cultura Kaw\u00e9sqar,<br>puesto que forma parte de nuestro pueblo originario de ac\u00e1 de la zona y que<br>siempre estemos difundiendo la cultura, a trav\u00e9s del tejido, del canto, del arte,<br>todo es arte y todo es cultura, Eso es precioso y que no se pierda\u201d, precis\u00f3.<\/p>\n","protected":false},"excerpt":{"rendered":"<p>Con una muestra de las obras resultantes de los procesos formativos, concluyeronveintis\u00e9is talleres impulsados por la Seremi de las Culturas, las Artes y elPatrimonio, en el marco de la reactivaci\u00f3n&#8230; <a class=\"read-more\" href=\"https:\/\/www.radiopresidenteibanez.cl\/web\/exitoso-cierre-de-talleres-de-reactivacion-cultural-en-punta-arenas\/\">Leer m\u00e1s<\/a><\/p>\n","protected":false},"author":2,"featured_media":35820,"comment_status":"closed","ping_status":"closed","sticky":false,"template":"","format":"standard","meta":{"footnotes":""},"categories":[1],"tags":[],"class_list":["post-35819","post","type-post","status-publish","format-standard","has-post-thumbnail","hentry","category-cronica"],"_links":{"self":[{"href":"https:\/\/www.radiopresidenteibanez.cl\/web\/wp-json\/wp\/v2\/posts\/35819","targetHints":{"allow":["GET"]}}],"collection":[{"href":"https:\/\/www.radiopresidenteibanez.cl\/web\/wp-json\/wp\/v2\/posts"}],"about":[{"href":"https:\/\/www.radiopresidenteibanez.cl\/web\/wp-json\/wp\/v2\/types\/post"}],"author":[{"embeddable":true,"href":"https:\/\/www.radiopresidenteibanez.cl\/web\/wp-json\/wp\/v2\/users\/2"}],"replies":[{"embeddable":true,"href":"https:\/\/www.radiopresidenteibanez.cl\/web\/wp-json\/wp\/v2\/comments?post=35819"}],"version-history":[{"count":0,"href":"https:\/\/www.radiopresidenteibanez.cl\/web\/wp-json\/wp\/v2\/posts\/35819\/revisions"}],"wp:featuredmedia":[{"embeddable":true,"href":"https:\/\/www.radiopresidenteibanez.cl\/web\/wp-json\/wp\/v2\/media\/35820"}],"wp:attachment":[{"href":"https:\/\/www.radiopresidenteibanez.cl\/web\/wp-json\/wp\/v2\/media?parent=35819"}],"wp:term":[{"taxonomy":"category","embeddable":true,"href":"https:\/\/www.radiopresidenteibanez.cl\/web\/wp-json\/wp\/v2\/categories?post=35819"},{"taxonomy":"post_tag","embeddable":true,"href":"https:\/\/www.radiopresidenteibanez.cl\/web\/wp-json\/wp\/v2\/tags?post=35819"}],"curies":[{"name":"wp","href":"https:\/\/api.w.org\/{rel}","templated":true}]}}