{"id":35816,"date":"2022-12-21T13:47:00","date_gmt":"2022-12-21T16:47:00","guid":{"rendered":"https:\/\/www.radiopresidenteibanez.cl\/web\/?p=35816"},"modified":"2022-12-21T10:40:51","modified_gmt":"2022-12-21T13:40:51","slug":"exitoso-campamento-explora-va-docentes-de-la-patagonia-se-desarrollo-en-puerto-natales-organizado-por-par-explora-magallanes","status":"publish","type":"post","link":"https:\/\/www.radiopresidenteibanez.cl\/web\/exitoso-campamento-explora-va-docentes-de-la-patagonia-se-desarrollo-en-puerto-natales-organizado-por-par-explora-magallanes\/","title":{"rendered":"Exitoso \u201cCampamento Explora Va, Docentes de la Patagonia\u201d, se desarroll\u00f3 en Puerto Natales organizado por PAR Explora Magallanes"},"content":{"rendered":"\n<p>Durante cuatro d\u00edas, se realiz\u00f3 el \u201cCampamento Explora VA! Docentes de<br>la Patagonia\u201d en dependencias del Centro de la Universidad de Magallanes<br>-ubicado en Puerto Natales- en el cual participaron 26 T\u00e9cnicos y<br>Educadores\/as de p\u00e1rvulos, as\u00ed como Docentes de ense\u00f1anza b\u00e1sica y<br>media de distintos establecimientos educacionales de la regi\u00f3n, tales como:<br>Jard\u00edn T\u00e1nan\u00e1 de Puerto Williams, Colegio Mar\u00eda Auxiliadora, Liceo<br>Bicentenario Hernando de Magallanes, Jard\u00edn infantil Pastorcitos, Escuela<br>Ignacio Carrera Pinto de Porvenir. Mientras que de Punta Arenas, Jard\u00edn<br>Continente blanco, Jard\u00edn Magallanes, Escuela Pedro Pablo Lemaitre,<br>Escuela Hernando de Magallanes, Instituto Don Bosco, Liceo Juan<br>Bautista Contardi, The British School, Jard\u00edn Infantil Juan Ruiz Mancilla y<br>Greenhill College. En tanto, de Puerto Natales Jard\u00edn infantil Bello<br>Amanecer, Escuela Fronteriza Dorotea, Escuela Coronel Santiago Bueras,<br>Escuela Juan Ladrilleros, Liceo Bicentenario Mar\u00eda Mazzarello y Liceo<br>Gabriela Mistral.<br>Esta actividad estuvo a cargo de la Encargada del Programa de Indagaci\u00f3n<br>para Primeras Edades (PIPE), Piroska Fuenzalida, siendo un instrumento<br>del proyecto Asociativo Regional, perteneciente al Ministerio de Ciencia,<br>Tecnolog\u00eda, Conocimiento e Innovaci\u00f3n y ejecutado por la Universidad de<br>Magallanes y tuvo como objetivo entregar herramientas a las y los docentes<br>a trav\u00e9s de la socializaci\u00f3n del conocimiento dentro de la comunidad<br>educativa y el desarrollo de competencias para aplicar en aula.<br>En la ceremonia de Inauguraci\u00f3n estuvieron presentes el Rector de la<br>Universidad de Magallanes, Jos\u00e9 Maripani Maripani, Vicerrectora<br>Acad\u00e9mica ,Anah\u00ed C\u00e1rcamo \u00c1guila ,Vicerrectora de Vinculaci\u00f3n con el<br>Medio, Melissa Flores \u00c1guila,Directora Centro UMAG Puerto Natales,<br>Claudia Erebitis Gallardo, Directora del Liceo Mazzarello Ana Mar\u00eda<br>Guenchuman Borquez, , el Encargado de Patrimonio de la Corporaci\u00f3n<br>Cultural Puerto Natales, Jaime Mu\u00f1oz y la Secretaria de la Universidad<br>de Magallanes, Angie Flies, Coordinador Ejecutivo del PAR Explora<br>Magallanes, Hermann Reiher D\u00edaz y Directora PAR Explora Magallanes,<br>Claudia Salinas Breskovic<br>El Rector la UMAG, Jos\u00e9 Maripani, coment\u00f3 que \u201c es un privilegio poder<br>participar de esta actividad, creemos que es una instancia donde se invita a<\/p>\n\n\n\n<p>profesores, profesoras y parvularias a contribuir, porque logra capacitar a<br>un profesor y ese efecto se multiplica en el aula con los estudiantes.<br>Creemos que este es un gran modelo a seguir y que va a contribuir en<br>nuestra regi\u00f3n, a que existan m\u00e1s personas que lleguen a conocer la ciencia<br>y amar las actividades cient\u00edficas. En este caso concreto, estando en una<br>Provincia como es \u00daltima Esperanza, contribuye porque nos acerca a este<br>laboratorio natural que es Magallanes, donde las personas van a poder<br>valorar y aprender de los patrimonios que tenemos en nuestra regi\u00f3n\u201d.<br>La directora PAR Explora Magallanes, Claudia Salinas, dijo que \u201cel<br>objetivo principal de este campamento fue realzar el \u00e1rea patrimonial y<br>cultural, donde participaron profesores de toda la regi\u00f3n y la idea fue que<br>pudieran compartir, no s\u00f3lo sus experiencias, sino que lo aprendido en este<br>campamento sea aplicado en el aula. Fue un Campamento positivo, porque<br>se logr\u00f3 formar comunidades de aprendizaje y de trabajo, logrando redes y<br>a su vez que sean agentes de cambios en sus localidades\u201d.<br>Los y las participantes participaron de diversos talleres como: Patrimonio<br>cultural \u00bb Un acercamiento al concepto y a su expresi\u00f3n local\u00bb y la ruta<br>patrimonial en el Mural \u00abHerencia cultural de las etnias Aonikenk y<br>Kaweskar\u00bb, creado en 1996 por Angelino Soto, ambos a cargo del profesor<br>y Director del Colegio Puerto Natales Patricio Silva Saldivia.<br>Tambi\u00e9n fueron parte del taller \u201cExpresi\u00f3n corporal\u201d, dictado por Nicol\u00e1s<br>Gonz\u00e1lez, profesor de educaci\u00f3n f\u00edsica del polideportivo de Puerto Natales<br>y de la charla \u201cPatrimonio cultural con perspectiva docente\u00bb a cargo de la<br>profesora del Liceo Mazzarello, Montserrat Godoy, para lo cual los<br>docentes recorrieron la plaza de armas de la ciudad de Puerto Natales.<br>No obstante, los y las participantes tuvieron talleres en terreno en el sector<br>de Laguna Sof\u00eda, ubicado a 30 Km de Puerto Natales, para ser parte de una<br>charla a cargo de los estudiantes de Turismo de la Universidad, Ignacio<br>Oyarzun y Enrique Maldonado, quienes relataron la historia del lugar.<\/p>\n","protected":false},"excerpt":{"rendered":"<p>Durante cuatro d\u00edas, se realiz\u00f3 el \u201cCampamento Explora VA! Docentes dela Patagonia\u201d en dependencias del Centro de la Universidad de Magallanes-ubicado en Puerto Natales- en el cual participaron 26 T\u00e9cnicos&#8230; <a class=\"read-more\" href=\"https:\/\/www.radiopresidenteibanez.cl\/web\/exitoso-campamento-explora-va-docentes-de-la-patagonia-se-desarrollo-en-puerto-natales-organizado-por-par-explora-magallanes\/\">Leer m\u00e1s<\/a><\/p>\n","protected":false},"author":2,"featured_media":35817,"comment_status":"closed","ping_status":"closed","sticky":false,"template":"","format":"standard","meta":{"footnotes":""},"categories":[1],"tags":[],"class_list":["post-35816","post","type-post","status-publish","format-standard","has-post-thumbnail","hentry","category-cronica"],"_links":{"self":[{"href":"https:\/\/www.radiopresidenteibanez.cl\/web\/wp-json\/wp\/v2\/posts\/35816","targetHints":{"allow":["GET"]}}],"collection":[{"href":"https:\/\/www.radiopresidenteibanez.cl\/web\/wp-json\/wp\/v2\/posts"}],"about":[{"href":"https:\/\/www.radiopresidenteibanez.cl\/web\/wp-json\/wp\/v2\/types\/post"}],"author":[{"embeddable":true,"href":"https:\/\/www.radiopresidenteibanez.cl\/web\/wp-json\/wp\/v2\/users\/2"}],"replies":[{"embeddable":true,"href":"https:\/\/www.radiopresidenteibanez.cl\/web\/wp-json\/wp\/v2\/comments?post=35816"}],"version-history":[{"count":0,"href":"https:\/\/www.radiopresidenteibanez.cl\/web\/wp-json\/wp\/v2\/posts\/35816\/revisions"}],"wp:featuredmedia":[{"embeddable":true,"href":"https:\/\/www.radiopresidenteibanez.cl\/web\/wp-json\/wp\/v2\/media\/35817"}],"wp:attachment":[{"href":"https:\/\/www.radiopresidenteibanez.cl\/web\/wp-json\/wp\/v2\/media?parent=35816"}],"wp:term":[{"taxonomy":"category","embeddable":true,"href":"https:\/\/www.radiopresidenteibanez.cl\/web\/wp-json\/wp\/v2\/categories?post=35816"},{"taxonomy":"post_tag","embeddable":true,"href":"https:\/\/www.radiopresidenteibanez.cl\/web\/wp-json\/wp\/v2\/tags?post=35816"}],"curies":[{"name":"wp","href":"https:\/\/api.w.org\/{rel}","templated":true}]}}