{"id":35811,"date":"2022-12-21T11:14:00","date_gmt":"2022-12-21T14:14:00","guid":{"rendered":"https:\/\/www.radiopresidenteibanez.cl\/web\/?p=35811"},"modified":"2022-12-21T09:34:02","modified_gmt":"2022-12-21T12:34:02","slug":"desarrollo-social-y-familia-aumentara-la-cobertura-territorial-de-programa-destinado-al-mejoramiento-habitacional","status":"publish","type":"post","link":"https:\/\/www.radiopresidenteibanez.cl\/web\/desarrollo-social-y-familia-aumentara-la-cobertura-territorial-de-programa-destinado-al-mejoramiento-habitacional\/","title":{"rendered":"<strong>Desarrollo Social y Familia aumentar\u00e1 la cobertura territorial de programa destinado al mejoramiento habitacional<\/strong>"},"content":{"rendered":"\n<p>A contar del pr\u00f3ximo a\u00f1o tres comunas de Magallanes ser\u00e1n beneficiarias del programa Habitabilidad, que busca entregar soluciones que contribuyan a mejorar la calidad de vida desde la dimensi\u00f3n de habitabilidad a las familias participantes del Subsistema Seguridades y Oportunidades.<\/p>\n\n\n\n<p>El programa otorga soluciones constructivas para mejorar los servicios b\u00e1sicos de un hogar, infraestructura de la vivienda, entorno residencial y equipamiento dom\u00e9stico. Adem\u00e1s, brinda asesor\u00edas a familiares para potenciar h\u00e1bitos de vida saludable, de uso y autocuidado de la vivienda.<\/p>\n\n\n\n<p>Para el Secretario Regional de Desarrollo Social y Familia, Danilo Mimica Mansilla, \u201cdurante este a\u00f1o el programa Habitabilidad se ejecut\u00f3 en las comunas de Punta Arenas y Porvenir y para el 2023 la cobertura se extender\u00e1 hasta Natales, lo que involucra a un total de 29 familias de la regi\u00f3n, y un monto destinado de $131.176.476, con la finalidad de contribuir a mejorar la seguridad, confortabilidad y accesibilidad a la vivienda. Este programa tiene un car\u00e1cter participativo donde los integrantes de las familias son parte del diagn\u00f3stico y de la propuesta para dise\u00f1ar junto a los ejecutores las mejores opciones de cada hogar. Para nuestro Gobierno este programa es una ayuda concreta que entrega bienestar en las familias\u201d.&nbsp;<\/p>\n\n\n\n<p>Este objetivo se ve materializado a trav\u00e9s de la entrega de un servicio integral, compuesto por soluciones constructivas (nuevos recintos y reparaciones) y equipamiento dom\u00e9stico (adquisici\u00f3n&nbsp; de camas, calefacci\u00f3n, o mobiliario para estudiar) adem\u00e1s de talleres de formaci\u00f3n impartidos tanto a los adultos como a los ni\u00f1os y ni\u00f1as del grupo familiar, en temas relacionados con h\u00e1bitos de vida saludable, uso y autocuidado de la vivienda y entorno.<\/p>\n\n\n\n<p>La instituci\u00f3n responsable del programa es el Ministerio de Desarrollo Social y Familia y es ejecutado principalmente por municipios. A su vez, el Fondo de Solidaridad e Inversi\u00f3n Social (FOSIS) presta la asistencia t\u00e9cnica a los municipios a trav\u00e9s de apoyo, acompa\u00f1amiento, supervisi\u00f3n y monitoreo a la gesti\u00f3n, para fortalecer los buenos resultados del programa.<\/p>\n\n\n\n<p>El Programa Habitabilidad es un beneficio no postulable que se encuentra dirigido de manera exclusiva para las familias y personas que forman parte del Subsistema Seguridades y Oportunidades, que contempla los programas Abriendo Caminos, Familias, V\u00ednculos y Calle.<\/p>\n","protected":false},"excerpt":{"rendered":"<p>A contar del pr\u00f3ximo a\u00f1o tres comunas de Magallanes ser\u00e1n beneficiarias del programa Habitabilidad, que busca entregar soluciones que contribuyan a mejorar la calidad de vida desde la dimensi\u00f3n de&#8230; <a class=\"read-more\" href=\"https:\/\/www.radiopresidenteibanez.cl\/web\/desarrollo-social-y-familia-aumentara-la-cobertura-territorial-de-programa-destinado-al-mejoramiento-habitacional\/\">Leer m\u00e1s<\/a><\/p>\n","protected":false},"author":2,"featured_media":35812,"comment_status":"closed","ping_status":"closed","sticky":false,"template":"","format":"standard","meta":{"footnotes":""},"categories":[1],"tags":[],"class_list":["post-35811","post","type-post","status-publish","format-standard","has-post-thumbnail","hentry","category-cronica"],"_links":{"self":[{"href":"https:\/\/www.radiopresidenteibanez.cl\/web\/wp-json\/wp\/v2\/posts\/35811","targetHints":{"allow":["GET"]}}],"collection":[{"href":"https:\/\/www.radiopresidenteibanez.cl\/web\/wp-json\/wp\/v2\/posts"}],"about":[{"href":"https:\/\/www.radiopresidenteibanez.cl\/web\/wp-json\/wp\/v2\/types\/post"}],"author":[{"embeddable":true,"href":"https:\/\/www.radiopresidenteibanez.cl\/web\/wp-json\/wp\/v2\/users\/2"}],"replies":[{"embeddable":true,"href":"https:\/\/www.radiopresidenteibanez.cl\/web\/wp-json\/wp\/v2\/comments?post=35811"}],"version-history":[{"count":0,"href":"https:\/\/www.radiopresidenteibanez.cl\/web\/wp-json\/wp\/v2\/posts\/35811\/revisions"}],"wp:featuredmedia":[{"embeddable":true,"href":"https:\/\/www.radiopresidenteibanez.cl\/web\/wp-json\/wp\/v2\/media\/35812"}],"wp:attachment":[{"href":"https:\/\/www.radiopresidenteibanez.cl\/web\/wp-json\/wp\/v2\/media?parent=35811"}],"wp:term":[{"taxonomy":"category","embeddable":true,"href":"https:\/\/www.radiopresidenteibanez.cl\/web\/wp-json\/wp\/v2\/categories?post=35811"},{"taxonomy":"post_tag","embeddable":true,"href":"https:\/\/www.radiopresidenteibanez.cl\/web\/wp-json\/wp\/v2\/tags?post=35811"}],"curies":[{"name":"wp","href":"https:\/\/api.w.org\/{rel}","templated":true}]}}