{"id":35808,"date":"2022-12-21T10:25:00","date_gmt":"2022-12-21T13:25:00","guid":{"rendered":"https:\/\/www.radiopresidenteibanez.cl\/web\/?p=35808"},"modified":"2022-12-21T08:35:32","modified_gmt":"2022-12-21T11:35:32","slug":"ministro-de-vivienda-carlos-montes-difundio-programa-de-capacitacion-para-construccion-de-viviendas-de-calidad","status":"publish","type":"post","link":"https:\/\/www.radiopresidenteibanez.cl\/web\/ministro-de-vivienda-carlos-montes-difundio-programa-de-capacitacion-para-construccion-de-viviendas-de-calidad\/","title":{"rendered":"<strong>Ministro de Vivienda Carlos Montes difundi\u00f3 programa de capacitaci\u00f3n para construcci\u00f3n de viviendas de calidad<\/strong>"},"content":{"rendered":"\n<p>En el condominio Vista Monte Sarmiento que se construye en Punta Arenas, el Ministro de Vivienda y Urbanismo, Carlos Montes Cisternas dio a conocer el Programa de Capacitaci\u00f3n \u201cMaestros y Maestras para la Construcci\u00f3n de Viviendas de Calidad\u201d.<\/p>\n\n\n\n<p>La autoridad estuvo acompa\u00f1ada del SEREMI de la cartera, Marco Uribe Saldivia, su par de Trabajo y Previsi\u00f3n Social, Doris Sandoval Miranda, el Presidente de la C\u00e1mara Chilena de la Construcci\u00f3n Punta Arenas, Omar Vargas Bahamonde, la Directora (S) Regional del Sence, Doris Manquian Cuminao y la Directora Regional del Serviu, Mar\u00eda Luz Gajardo Salazar, trabajadores y trabajadoras de la obra en ejecuci\u00f3n.<\/p>\n\n\n\n<p>El&nbsp;<strong>Ministro Carlos Montes<\/strong>&nbsp;inform\u00f3&nbsp;<strong>\u201cCuando est\u00e1bamos elaborando el Plan de Emergencia Habitacional, con distintos actores que ten\u00edan alguna relaci\u00f3n, se plante\u00f3 por parte de los empresarios que hab\u00eda falta de maestros y maestras, para trabajar en las obras y ah\u00ed surgi\u00f3 la propuesta de hacer un programa de formaci\u00f3n en conjunto, cosa que no se hab\u00eda hecho nunca. En la instancia participan la C\u00e1mara Chilena de la Construcci\u00f3n y Chile Valor que va a certificar cada uno de estos cursos. Son 8.075 cupos a nivel nacional y 3700 en este primer llamado\u201d.<\/strong><\/p>\n\n\n\n<p>La iniciativa gener\u00f3 gran inter\u00e9s en Punta Arenas, a trav\u00e9s del portal&nbsp;<a href=\"http:\/\/www.sence.cl\/\" target=\"_blank\" rel=\"noreferrer noopener\">www.sence.cl<\/a>, as\u00ed lo inform\u00f3 la&nbsp;<strong>SEREMI del Trabajo y Previsi\u00f3n Social<\/strong>,&nbsp;<strong>Doris Miranda Sandoval<\/strong>&nbsp;<strong>\u201cNos hacemos parte desde el Ministerio del Trabajo y Previsi\u00f3n Social junto al Ministerio de Vivienda y Urbanismo, para contribuir al desaf\u00edo que tiene la regi\u00f3n en materia de empleabilidad por un lado y de viviendas de calidad por otro, junto a la C\u00e1mara Chilena de la Construcci\u00f3n que ha concurrido con recursos junto a nuestro Sence. Tenemos 25 cupos tomados lo que habla de que hay un inter\u00e9s, que es f\u00e1cil postular, es gratuito, contamos con 25 cupos nuevos y se va a disponer durante el 2023 de m\u00e1s cupos\u201d.<\/strong><\/p>\n\n\n\n<p>Respecto al enfoque de g\u00e9nero de esta iniciativa, la&nbsp;<strong>Seremi Sandoval<\/strong>&nbsp;agreg\u00f3&nbsp;<strong>\u201cHacemos un especial llamado a las mujeres a incurrir en este campo hist\u00f3ricamente m\u00e1s masculinizado donde las mujeres ya est\u00e1n aportando y lo pueden hacer a\u00fan m\u00e1s si es que est\u00e1n capacitadas\u201d.<\/strong><\/p>\n\n\n\n<p><strong>Omar Vargas Bahamonde<\/strong>, m\u00e1ximo representante de la C\u00e1mara Chilena de la Construcci\u00f3n en la Regi\u00f3n se\u00f1al\u00f3&nbsp;<strong>\u201cNos interesa impulsar este tipo de iniciativas de alianzas p\u00fablico privadas y por eso estamos comprometidos en trabajar codo a codo para que se pueda cumplir esta meta propuesta por el Gobierno de 3500 viviendas para el a\u00f1o 2025 y a nosotros nos interesa mucho tambi\u00e9n que las mujeres entren en nuestro rubro. Invitamos a capacitarse en este curso que es gratuito y que es tan importante para poder cumplir con toda la construcci\u00f3n de viviendas que viene por delante.\u201d<\/strong><\/p>\n\n\n\n<p>A su vez, la&nbsp;<strong>Directora (S) Regional del Sence<\/strong>,&nbsp;<strong>Doris Manquian Cuminao<\/strong>, inform\u00f3 de beneficios adicionales que recibir\u00e1n las personas seleccionadas como subsidio por asistencia y cuidado infantil&nbsp;<strong>\u201cEste programa contempla un apresto laboral, que viene aparejado de preparaci\u00f3n de una entrevista laboral y un convenio de colaboraci\u00f3n con la C\u00e1mara Chilena de la Construcci\u00f3n con intermediaci\u00f3n laboral, que es tan relevante para que un porcentaje significativo de egresadas y egresados logren insertarse en el mundo laboral, con un proceso de acompa\u00f1amiento que tenemos como instituci\u00f3n\u201d.<\/strong><\/p>\n\n\n\n<p>En el punto de prensa participaron los trabajadores del conjunto habitacional en construcci\u00f3n, Mar\u00eda Luisa B\u00f3rquez, Marcia Nahuelcheo, Jos\u00e9 Caipill\u00e1n y Willy Orisma, quienes manifestaron su inter\u00e9s en esta iniciativa que les entrega mayores herramientas para desarrollar sus oficios en un rubro que genera alta empleabilidad en la regi\u00f3n.<\/p>\n\n\n\n<p><strong>Proyectos de vivienda y barrios integrados<\/strong><\/p>\n\n\n\n<p>En la actividad, el Ministro Montes el nuevo complejo habitacional donde se construyen 352 departamentos si deuda de diferentes modelos que van de 60 a 72 metros cuadrados, ubicados en edificios de dos pisos con d\u00faplex y edificios de cinco pisos de altura. El barrio, posee una plaza central p\u00fablica de 6.602 metros cuadrados, m\u00e1s \u00e1reas verdes privadas en cada condominio y 6 sedes comunitarias, con paneles fotovoltaicos.<\/p>\n\n\n\n<p>En el recorrido, el&nbsp;<strong>jefe de la cartera<\/strong>&nbsp;destac\u00f3 la calidad de los conjuntos habitacionales, as\u00ed como el trabajo de la empresa constructora a cargo de las obras&nbsp;<strong>\u201cLa imagen que tienen muchas personas es que las viviendas sociales no tienen el est\u00e1ndar que vemos ac\u00e1\u201d<\/strong>, indic\u00f3.<\/p>\n\n\n\n<p>Los condominios Vistas Montes Sarmiento, Aymond, Fenton y Tarn, se emplazan en el sector sur de Punta Arenas, con una inversi\u00f3n sectorial del Programa Fondo Solidario de Elecci\u00f3n de Vivienda que alcanza los 15.340 millones de pesos aproximadamente y una inversi\u00f3n regional de 8 mil millones de pesos como aporte complementario para la urbanizaci\u00f3n de los conjuntos habitacionales y construcci\u00f3n de Avenida Dalcahue, que conecta el complejo habitacional, con iluminaci\u00f3n y ciclov\u00edas de alto est\u00e1ndar.<\/p>\n","protected":false},"excerpt":{"rendered":"<p>En el condominio Vista Monte Sarmiento que se construye en Punta Arenas, el Ministro de Vivienda y Urbanismo, Carlos Montes Cisternas dio a conocer el Programa de Capacitaci\u00f3n \u201cMaestros y&#8230; <a class=\"read-more\" href=\"https:\/\/www.radiopresidenteibanez.cl\/web\/ministro-de-vivienda-carlos-montes-difundio-programa-de-capacitacion-para-construccion-de-viviendas-de-calidad\/\">Leer m\u00e1s<\/a><\/p>\n","protected":false},"author":2,"featured_media":35809,"comment_status":"closed","ping_status":"closed","sticky":false,"template":"","format":"standard","meta":{"footnotes":""},"categories":[1],"tags":[],"class_list":["post-35808","post","type-post","status-publish","format-standard","has-post-thumbnail","hentry","category-cronica"],"_links":{"self":[{"href":"https:\/\/www.radiopresidenteibanez.cl\/web\/wp-json\/wp\/v2\/posts\/35808","targetHints":{"allow":["GET"]}}],"collection":[{"href":"https:\/\/www.radiopresidenteibanez.cl\/web\/wp-json\/wp\/v2\/posts"}],"about":[{"href":"https:\/\/www.radiopresidenteibanez.cl\/web\/wp-json\/wp\/v2\/types\/post"}],"author":[{"embeddable":true,"href":"https:\/\/www.radiopresidenteibanez.cl\/web\/wp-json\/wp\/v2\/users\/2"}],"replies":[{"embeddable":true,"href":"https:\/\/www.radiopresidenteibanez.cl\/web\/wp-json\/wp\/v2\/comments?post=35808"}],"version-history":[{"count":0,"href":"https:\/\/www.radiopresidenteibanez.cl\/web\/wp-json\/wp\/v2\/posts\/35808\/revisions"}],"wp:featuredmedia":[{"embeddable":true,"href":"https:\/\/www.radiopresidenteibanez.cl\/web\/wp-json\/wp\/v2\/media\/35809"}],"wp:attachment":[{"href":"https:\/\/www.radiopresidenteibanez.cl\/web\/wp-json\/wp\/v2\/media?parent=35808"}],"wp:term":[{"taxonomy":"category","embeddable":true,"href":"https:\/\/www.radiopresidenteibanez.cl\/web\/wp-json\/wp\/v2\/categories?post=35808"},{"taxonomy":"post_tag","embeddable":true,"href":"https:\/\/www.radiopresidenteibanez.cl\/web\/wp-json\/wp\/v2\/tags?post=35808"}],"curies":[{"name":"wp","href":"https:\/\/api.w.org\/{rel}","templated":true}]}}