{"id":35805,"date":"2022-12-21T09:31:00","date_gmt":"2022-12-21T12:31:00","guid":{"rendered":"https:\/\/www.radiopresidenteibanez.cl\/web\/?p=35805"},"modified":"2022-12-21T08:29:29","modified_gmt":"2022-12-21T11:29:29","slug":"subdere-entrega-mas-de-531-millones-para-proyectos-que-promuevan-el-bienestar-animal-y-la-tenencia-responsable-de-mascotas","status":"publish","type":"post","link":"https:\/\/www.radiopresidenteibanez.cl\/web\/subdere-entrega-mas-de-531-millones-para-proyectos-que-promuevan-el-bienestar-animal-y-la-tenencia-responsable-de-mascotas\/","title":{"rendered":"<strong>Subdere entrega m\u00e1s de $531 millones para proyectos que promuevan el bienestar animal y la tenencia responsable de mascotas<\/strong>"},"content":{"rendered":"\n<p>Con la participaci\u00f3n de distintas organizaciones de la sociedad civil en el Sal\u00f3n Auditorio Edificio Moneda Bicentenario, el subsecretario de Desarrollo Regional y Administrativo, Nicol\u00e1s Cataldo, les entreg\u00f3 un reconocimiento a estas entidades que se adjudicaron los Fondos Concursables 2022 que son gestionados a trav\u00e9s del Programa de Tenencia Responsable de Animales de Compa\u00f1\u00eda (PTRAC). Dichos fondos implicaron una inversi\u00f3n de $531.896.36 para el financiamiento de 75 proyectos que promuevan el bienestar animal, la tenencia responsable de mascotas y animales de compa\u00f1\u00eda.&nbsp;Los proyectos, que&nbsp;corresponden a 64 organizaciones distribuidas en 15 regiones del pa\u00eds, se ejecutar\u00e1n hasta el primer semestre de 2022.<\/p>\n\n\n\n<p>\u2018\u2019Estamos muy contentos de poder hacer la entrega de estos recursos que ya est\u00e1n a disposici\u00f3n de estas organizaciones para que ejecuten sus proyectos en las distintas l\u00edneas de financiamiento que hemos dispuesto. Como Subdere seguiremos trabajando para poder aumentar los montos con el objetivo de fortalecer e incentivar la tenencia responsable de mascotas y animales de compa\u00f1\u00eda, as\u00ed como tambi\u00e9n la educaci\u00f3n en el cuidado, la atenci\u00f3n veterinaria y otros componentes que nos permitir\u00e1n hacernos cargo de estos desaf\u00edos\u2019\u2019, destac\u00f3 el subsecretario Nicol\u00e1s Cataldo.<\/p>\n\n\n\n<p><strong>Fondos Concursables 2022<\/strong><\/p>\n\n\n\n<p>Estos fondos son implementados por la Subsecretar\u00eda de Desarrollo Regional y Administrativo (Subdere) a trav\u00e9s del Programa de Tenencia Responsable de Animales de Compa\u00f1\u00eda (PTRAC), de acuerdo a lo dispuesto en el art\u00edculo 18 de la Ley N\u00b0 21.020, siendo el a\u00f1o 2022 la quinta versi\u00f3n. Dentro de las \u00e1reas de financiamiento de estos proyectos, se encuentran:<\/p>\n\n\n\n<p>1.&nbsp;&nbsp;&nbsp;&nbsp;&nbsp;&nbsp;Educaci\u00f3n y cultura en tenencia responsable.<\/p>\n\n\n\n<p>2.&nbsp;&nbsp;&nbsp;&nbsp;&nbsp;&nbsp;Esterilizaciones caninas y felinas.<\/p>\n\n\n\n<p>3.&nbsp;&nbsp;&nbsp;&nbsp;&nbsp;&nbsp;Atenci\u00f3n veterinaria primaria.<\/p>\n\n\n\n<p>4.&nbsp;&nbsp;&nbsp;&nbsp;&nbsp;&nbsp;Rescate, recuperaci\u00f3n y reubicaci\u00f3n.<\/p>\n\n\n\n<p>5.&nbsp;&nbsp;&nbsp;&nbsp;&nbsp;&nbsp;Cuidado de mascotas en centros o lugares destinados a su mantenci\u00f3n.<\/p>\n\n\n\n<p>6.&nbsp;&nbsp;&nbsp;&nbsp;&nbsp;&nbsp;Adiestramiento, rehabilitaci\u00f3n y comportamiento animal.<\/p>\n\n\n\n<p>7.&nbsp;&nbsp;&nbsp;&nbsp;&nbsp;&nbsp;Asesor\u00edas jur\u00eddicas, juicios, consultor\u00edas, desarrollo institucional, articulaci\u00f3n y proposici\u00f3n de normas legales.<\/p>\n\n\n\n<p><strong>Fundaciones y organizaciones adjudicadas con Fondos Concursables 2022<\/strong><\/p>\n\n\n\n<p>&#8211;&nbsp;&nbsp;Arica y Parinacota: Agrupaci\u00f3n socio-cultural, recreativa y animalista.<\/p>\n\n\n\n<p>&#8211;&nbsp;&nbsp;Antofagasta: Fundaci\u00f3n Patitas del desierto; Fundaci\u00f3n Alma Animal Mejillones; Fundaci\u00f3n Animalista Anastasia; y Agrupaci\u00f3n Fuerza Animal.<\/p>\n\n\n\n<p>&#8211;&nbsp;&nbsp;Atacama: Organizaci\u00f3n Kurochan Pro Animal Tierra Amarilla; y Fundaci\u00f3n Ayllu Animal Atacama.<\/p>\n\n\n\n<p>&#8211;&nbsp;Coquimbo: Fundaci\u00f3n Ama Regi\u00f3n de Coquimbo; Fundaci\u00f3n Rescata Peludos; Fundaci\u00f3n Bienestar Animal Chile; Fundaci\u00f3n Angelitos de la Calle Monte Patria; y Fundaci\u00f3n Gaucho Rescate Animal.<\/p>\n\n\n\n<p>&#8211;&nbsp;&nbsp;Valpara\u00edso: Fundaci\u00f3n Santuario Clafira; Fundaci\u00f3n Maintencillo Adopta; Fundaci\u00f3n Uniendo Patitas; ONG de Desarrollo Huellitas de Boco; y Fundaci\u00f3n Galgos Chile.<\/p>\n\n\n\n<p>&#8211;&nbsp;Metropolitana: Fundaci\u00f3n Felinnos; Fundaci\u00f3n Vida de Gatos Chile; Fight 4 PITS Defensa y Justicia Animal; Fundaci\u00f3n Vera Kocarova; Fundaci\u00f3n Bunny Lovers Chile; Corporaci\u00f3n Siete Vidas; Organismo Proanimal Huellas; Fundaci\u00f3n Efecto Quiltro; Fundaci\u00f3n Ayuda Callejeros; Fundaci\u00f3n Rima; Fundaci\u00f3n Julieta; Fundaci\u00f3n Huella Animal Chile; Fundaci\u00f3n Protecci\u00f3n Animal Paticortos; Fundaci\u00f3n Adopta; y Fundaci\u00f3n Arca Animal.<\/p>\n\n\n\n<p>&#8211;&nbsp;O\u2019Higgins: Agrupaci\u00f3n Huellitas Callejeras; Agrupaci\u00f3n social, cultural y educativa alma animal; Agrupaci\u00f3n Tu Huella; Fundaci\u00f3n UniversZoo Animal; Agrupaci\u00f3n Animal\u00edstica Coraz\u00f3n Animal; Agrupaci\u00f3n Animalista San Vicente; y Agrupaci\u00f3n social, cultural y educativa Alma Animal.<\/p>\n\n\n\n<p>&#8211;&nbsp;&nbsp;Maule: Centro de Acci\u00f3n Social Refugio Esperanza; y Fundaci\u00f3n Colb\u00fan Animal Chile.<\/p>\n\n\n\n<p>&#8211;&nbsp;&nbsp;\u00d1uble: Asociaci\u00f3n Protectora de Animales de Yungay.<\/p>\n\n\n\n<p>&#8211;&nbsp;&nbsp;Biob\u00edo: Fundaci\u00f3n Colitas Chuecas; y Mopac.<\/p>\n\n\n\n<p>&#8211;&nbsp;&nbsp;La Araucan\u00eda: Agrupaci\u00f3n por los Derechos de los Animales.<\/p>\n\n\n\n<p>&#8211;&nbsp;&nbsp;Los R\u00edos: Corporaci\u00f3n Alianza Global para animales personas; Fundaci\u00f3n de Protecci\u00f3n Animal Lied; y Fundaci\u00f3n UPLANI.<\/p>\n\n\n\n<p>&#8211;&nbsp;Los Lagos:&nbsp;Agrupaci\u00f3n Adopta un Amigo Osorno; Sociedad Protectora de Animales Osorno; Agrupaci\u00f3n Proyecto Futuro de Ancud; Agrupaci\u00f3n Animalista de Llanquihue; Agrupaci\u00f3n Patitas Suaves de Osorno; Agrupaci\u00f3n Animalista Fresia; Agrupaci\u00f3n Amigos Cuatro Patas; Agrupaci\u00f3n para la Defensa de los Animales Chait\u00e9n; Agrupaci\u00f3n \u00c1ngeles Sin Voz Cabulco; Agrupaci\u00f3n Medioambiente Defensa Animal Puyehue; Fundaci\u00f3n Animalitos de Maull\u00edn; Fundaci\u00f3n Asilvestrados; Sociedad Protectora de Animales Osorno; y Agrupaci\u00f3n Colitas Felices Osorno.<\/p>\n\n\n\n<p>&#8211;&nbsp;&nbsp;Ays\u00e9n: ONG Defensa y Protecci\u00f3n Animal Coyhaique; y Agrupaci\u00f3n Protectora de Animales Ays\u00e9n.<\/p>\n\n\n\n<p>&#8211;&nbsp;&nbsp;Magallanes: Fundaci\u00f3n Amigos Fieles.<\/p>\n\n\n\n<p>Para Mar\u00eda Jos\u00e9 Alarc\u00f3n, representante de la Fundaci\u00f3n \u2018\u2019Bunny Lovers Chile\u2019\u2019, que se dedica a la promoci\u00f3n, tenencia y rescate de conejos como animales de compa\u00f1\u00eda, destaca que \u2018\u2019estos fondos nos ayudar\u00e1n much\u00edsimo porque cada a\u00f1o nos llegan distintos casos de abandono de ellos, que en varias situaciones es por desconocimiento en torno al cuidado y c\u00f3mo debe ser una tenencia responsable de los conejos como animales ex\u00f3ticos, es por eso que buscaremos potenciar esta \u00e1rea\u2019\u2019.<\/p>\n\n\n\n<p>Francisco Arriagada de la Fundaci\u00f3n \u2018\u2019Patitas del desierto\u2019\u2019 de Antofagasta, que se dedica a hidratar y a alimentar a perros en sectores alejados de la ciudad, se\u00f1ala que \u2018\u2019con el proyecto vamos a poder otorgarles atenci\u00f3n veterinaria, que gracias a estos fondos nos ayudar\u00e1n a darles dignidad a ellos que est\u00e1n en situaci\u00f3n de abandono\u2019\u2019.<\/p>\n\n\n\n<p>Desde la Fundaci\u00f3n \u2018\u2019Santuario Clafira\u2019\u2019, que se dedica principalmente al rescate y rehabilitaci\u00f3n de animales considerados de consumo como vacas, caballos, cerdos, entre otros, y que cuenta con cerca de 150 de ellos, con este proyecto afirman que \u2018\u2019vamos a ir a la comunidad escolar a hacer educaci\u00f3n esencialmente, en donde daremos charlas de tenencia responsable en nueve colegios en la Regi\u00f3n de Valpara\u00edso y luego de esto se realizar\u00e1 una visita educativa al santuario\u2019\u2019, se\u00f1al\u00f3 Carla Correa, fundadora del Santuario Clafira.<\/p>\n\n\n\n<p>La sexta convocatoria de los Fondos Concursables se realizar\u00e1 el segundo trimestre de 2023 por un monto cercano a los $567 millones, y que su inicio ser\u00e1 informado oportunamente.<\/p>\n","protected":false},"excerpt":{"rendered":"<p>Con la participaci\u00f3n de distintas organizaciones de la sociedad civil en el Sal\u00f3n Auditorio Edificio Moneda Bicentenario, el subsecretario de Desarrollo Regional y Administrativo, Nicol\u00e1s Cataldo, les entreg\u00f3 un reconocimiento&#8230; <a class=\"read-more\" href=\"https:\/\/www.radiopresidenteibanez.cl\/web\/subdere-entrega-mas-de-531-millones-para-proyectos-que-promuevan-el-bienestar-animal-y-la-tenencia-responsable-de-mascotas\/\">Leer m\u00e1s<\/a><\/p>\n","protected":false},"author":2,"featured_media":35806,"comment_status":"closed","ping_status":"closed","sticky":false,"template":"","format":"standard","meta":{"footnotes":""},"categories":[1],"tags":[],"class_list":["post-35805","post","type-post","status-publish","format-standard","has-post-thumbnail","hentry","category-cronica"],"_links":{"self":[{"href":"https:\/\/www.radiopresidenteibanez.cl\/web\/wp-json\/wp\/v2\/posts\/35805","targetHints":{"allow":["GET"]}}],"collection":[{"href":"https:\/\/www.radiopresidenteibanez.cl\/web\/wp-json\/wp\/v2\/posts"}],"about":[{"href":"https:\/\/www.radiopresidenteibanez.cl\/web\/wp-json\/wp\/v2\/types\/post"}],"author":[{"embeddable":true,"href":"https:\/\/www.radiopresidenteibanez.cl\/web\/wp-json\/wp\/v2\/users\/2"}],"replies":[{"embeddable":true,"href":"https:\/\/www.radiopresidenteibanez.cl\/web\/wp-json\/wp\/v2\/comments?post=35805"}],"version-history":[{"count":0,"href":"https:\/\/www.radiopresidenteibanez.cl\/web\/wp-json\/wp\/v2\/posts\/35805\/revisions"}],"wp:featuredmedia":[{"embeddable":true,"href":"https:\/\/www.radiopresidenteibanez.cl\/web\/wp-json\/wp\/v2\/media\/35806"}],"wp:attachment":[{"href":"https:\/\/www.radiopresidenteibanez.cl\/web\/wp-json\/wp\/v2\/media?parent=35805"}],"wp:term":[{"taxonomy":"category","embeddable":true,"href":"https:\/\/www.radiopresidenteibanez.cl\/web\/wp-json\/wp\/v2\/categories?post=35805"},{"taxonomy":"post_tag","embeddable":true,"href":"https:\/\/www.radiopresidenteibanez.cl\/web\/wp-json\/wp\/v2\/tags?post=35805"}],"curies":[{"name":"wp","href":"https:\/\/api.w.org\/{rel}","templated":true}]}}