{"id":35802,"date":"2022-12-21T08:23:55","date_gmt":"2022-12-21T11:23:55","guid":{"rendered":"https:\/\/www.radiopresidenteibanez.cl\/web\/?p=35802"},"modified":"2022-12-21T08:24:04","modified_gmt":"2022-12-21T11:24:04","slug":"la-comunidad-dialoga-con-autoridades-nacionales-y-regionales-sobre-hidrogeno-verde","status":"publish","type":"post","link":"https:\/\/www.radiopresidenteibanez.cl\/web\/la-comunidad-dialoga-con-autoridades-nacionales-y-regionales-sobre-hidrogeno-verde\/","title":{"rendered":"La comunidad dialoga con autoridades nacionales y regionales sobre Hidr\u00f3geno Verde"},"content":{"rendered":"\n<p>En el Liceo Polit\u00e9cnico de Punta Arenas, los Ministros de<br>Energ\u00eda, Diego Pardow, de Econom\u00eda, Nicol\u00e1s Grau, junto a la Delegada Presidencial Regional, Luz<br>Berm\u00fadez Sandoval, el Subsecretario de Medioambiente M\u00e1ximiliano Proa\u00f1o, y el Vicepresidente<br>de Corfo, Jos\u00e9 Miguel Benavente, encabezaron un concurrido Di\u00e1logo Ciudadano en el que<br>conversaron acerca de las proyecciones de la industria del Hidr\u00f3geno Verde en la regi\u00f3n de<br>Magallanes, actividad que estuvo marcada por la participaci\u00f3n activa de la comunidad. La<br>instancia tuvo por objetivo&nbsp;reunir a los distintos actores del sector y abordar los avances y desaf\u00edos<br>de esta nueva industria.<br>La Delegada Presidencial Regional, Luz Berm\u00fadez Sandoval, destac\u00f3 que \u201chemos estado<br>trabajando arduamente para traspasar m\u00e1s competencias a los gobiernos regionales y autonom\u00eda<br>econ\u00f3mica. Pero tambi\u00e9n cuando conversamos en nuestro Gabinete de Hidr\u00f3geno Verde,<br>respecto a esta Mesa Interministerial, sab\u00edamos que era necesario que sesionara ac\u00e1, manifest\u00f3 la<br>Delegada Presidencial, revelando el origen y la raz\u00f3n del porqu\u00e9 se logr\u00f3 que este Comit\u00e9 de<br>Ministros sesionara en Magallanes.<br>La Delegada explica que \u201cporque si bien es cierto existe la Mesa que se est\u00e1 trabajando con Corfo,<br>aqu\u00ed hay un tema de pol\u00edticas a nivel nacional y esa es una responsabilidad que nosotros la<br>asumimos como Gobierno de Gabriel Boric, pero tambi\u00e9n tenemos conciencia que mayormente<br>nos va a afectar a Magallanes y Antofagasta, por eso nos parec\u00eda importante que esta sesi\u00f3n se<br>realizara ac\u00e1, conversando con la gente, dialogando.<br>En la construcci\u00f3n de cuestiones definitivas a trav\u00e9s de un di\u00e1logo que lo permita, donde la<br>comunidad sienta que est\u00e1 siendo part\u00edcipe en la toma de decisiones sobre un tema que le<br>cambiar\u00e1 la vida a todas las personas en el territorio, el Ministro Diego Pardow, se\u00f1al\u00f3 que \u201cseg\u00fan<br>la experiencia que tenemos en Antofagasta, una vez que se realizan los procesos participativos, es<br>mucho m\u00e1s f\u00e1cil construir puentes, llegar a acuerdos y canalizar los distintos intereses hacia una<br>ruta correcta. Entiendo la preocupaci\u00f3n, pero creo que es consecuencia de los procesos<br>participativos que todav\u00eda no se han hecho. Lo que hay es un mont\u00f3n de percepciones que no<br>tienen la evidencia cualitativa y cuantitativa y una vez que esa evidencia se levante, el di\u00e1logo ser\u00e1<br>mucho m\u00e1s sencillo\u201d, afirm\u00f3 Pardow.<br>Por su parte, el Ministro de Econom\u00eda, Nicol\u00e1s Grau, realiz\u00f3 precisamente un llamado a la<br>comunidad a la participaci\u00f3n conjunta, de la sociedad civil organizada, del mundo cient\u00edfico, del<\/p>\n\n\n\n<p>mundo empresarial, y particularmente del mundo p\u00fablico, para sacar una agenda que tendr\u00e1<br>diversas dimensiones, complicaciones, pero un enorme potencial, destacando que \u201cesta es una<br>actividad que nos puede generar mucho valor, no solamente econ\u00f3mico, sino tambi\u00e9n social,<br>cultural y que tiene que ver particularmente con el territorio. Creo que es una oportunidad \u00fanica<br>que estamos implementando en esta larga carrera que vamos a comenzar y en la cual vamos a<br>poner las condiciones del juego. Un juego que nos beneficie como chilenos\u201d<br>En respuesta a las preocupaciones de la comunidad, el Subsecretario de Medioambiente,<br>Maximiliano Proa\u00f1o, indic\u00f3 que hay que superar la falsa dicotom\u00eda de protecci\u00f3n al<br>medioambiente y desarrollo, explicando que \u201cLa protecci\u00f3n del medioambiente nunca puede<br>verse como un obst\u00e1culo al desarrollo, sino como un requisito al desarrollo. Chile no va a llegar a<br>ser un pa\u00eds desarrollado si no protegemos adecuadamente el ecosistema, nuestro patrimonio<br>natural y en esta regi\u00f3n en particular tenemos mucho patrimonio cultural y natural que proteger y<br>sin duda las actividades que se vayan desarrollando en la regi\u00f3n tienen que desarrollarse en<br>armon\u00eda con la naturaleza\u201d.<br>Asimismo el Vicepresidente de Corfo, Jos\u00e9 Miguel Benavente, tenemos que saber \u201cqu\u00e9 es lo que<br>se necesita y qu\u00e9 es lo que actualmente tiene la regi\u00f3n y esto genera demandas derivadas, es decir<br>c\u00f3mo uno se acerca a los Centros de Formaci\u00f3n T\u00e9cnica, a las Universidades y otros, para decir<br>cu\u00e1les son las brechas y qu\u00e9 necesitamos hacer para cerrarlas. Tenemos que entregar informaci\u00f3n<br>de qu\u00e9 es lo que tenemos y estamos generando un mecanismo para saber cu\u00e1nta capacidad<br>tenemos de talento local para ofrecer. Este es un proceso que durar\u00e1 a\u00f1os, por lo tanto no es solo<br>tener cient\u00edficos, doctorados, profesionales, t\u00edtulos y grados, tambi\u00e9n tiene que ver con<br>competencias y capacidades t\u00e9cnicas que se pueden desarrollar en periodos mucho m\u00e1s breves, y<br>parte de nuestro trabajo es coordinar para que eso ocurra. Necesitamos informaci\u00f3n y atender los<br>requerimientos de educaci\u00f3n, para la formaci\u00f3n de ese talento que se va a necesitar\u201d.<br>Finalizada la exposici\u00f3n de las autoridades, comenz\u00f3 una ronda de preguntas seleccionadas al<br>azar, durante la cual surgieron importantes consultas, cuestionamientos, dudas, afirmaciones,<br>aportes, desacuerdos, acuerdos. Entre las consultas o preocupaciones m\u00e1s recurrentes, est\u00e1 la de<br>que sean expertos quienes realicen los estudios medioambientales, sociales y otros. \u201cLos<br>cient\u00edficos, los expertos, los qu\u00edmicos, los f\u00edsicos\u201d.<br>Se presentaron dudas, sobre cu\u00e1les ser\u00edan los beneficios reales parar Magallanes<br>Alfonso C\u00e1rcamo, descendiente de pueblo kaw\u00e9sqar, solicit\u00f3 \u201cestudios de impacto ambiental para<br>que no se vuelva Punta Arenas una zona de sacrificio\u201d.<br>Asimismo, el inmigrante croata. Jefe de ingenier\u00eda civil el\u00e9ctrica, mencion\u00f3 que, \u201cCuando Rosa<br>Yag\u00e1n, dice \u201cnadie pregunt\u00f3\u201d ac\u00e1 est\u00e1 ocurriendo lo contrario. Todos queremos preguntar muchas<br>cosas. \u00bfQu\u00e9 hubiese pasado si se hubiese creado un Fondema de petr\u00f3leo para Magallanes? No se<br>hizo con el petr\u00f3leo ni con el carbono, solicita que el 1% de la energ\u00eda e\u00f3lica se vaya al GORE.<\/p>\n","protected":false},"excerpt":{"rendered":"<p>En el Liceo Polit\u00e9cnico de Punta Arenas, los Ministros deEnerg\u00eda, Diego Pardow, de Econom\u00eda, Nicol\u00e1s Grau, junto a la Delegada Presidencial Regional, LuzBerm\u00fadez Sandoval, el Subsecretario de Medioambiente M\u00e1ximiliano Proa\u00f1o,&#8230; <a class=\"read-more\" href=\"https:\/\/www.radiopresidenteibanez.cl\/web\/la-comunidad-dialoga-con-autoridades-nacionales-y-regionales-sobre-hidrogeno-verde\/\">Leer m\u00e1s<\/a><\/p>\n","protected":false},"author":2,"featured_media":35803,"comment_status":"closed","ping_status":"closed","sticky":false,"template":"","format":"standard","meta":{"footnotes":""},"categories":[1],"tags":[],"class_list":["post-35802","post","type-post","status-publish","format-standard","has-post-thumbnail","hentry","category-cronica"],"_links":{"self":[{"href":"https:\/\/www.radiopresidenteibanez.cl\/web\/wp-json\/wp\/v2\/posts\/35802","targetHints":{"allow":["GET"]}}],"collection":[{"href":"https:\/\/www.radiopresidenteibanez.cl\/web\/wp-json\/wp\/v2\/posts"}],"about":[{"href":"https:\/\/www.radiopresidenteibanez.cl\/web\/wp-json\/wp\/v2\/types\/post"}],"author":[{"embeddable":true,"href":"https:\/\/www.radiopresidenteibanez.cl\/web\/wp-json\/wp\/v2\/users\/2"}],"replies":[{"embeddable":true,"href":"https:\/\/www.radiopresidenteibanez.cl\/web\/wp-json\/wp\/v2\/comments?post=35802"}],"version-history":[{"count":0,"href":"https:\/\/www.radiopresidenteibanez.cl\/web\/wp-json\/wp\/v2\/posts\/35802\/revisions"}],"wp:featuredmedia":[{"embeddable":true,"href":"https:\/\/www.radiopresidenteibanez.cl\/web\/wp-json\/wp\/v2\/media\/35803"}],"wp:attachment":[{"href":"https:\/\/www.radiopresidenteibanez.cl\/web\/wp-json\/wp\/v2\/media?parent=35802"}],"wp:term":[{"taxonomy":"category","embeddable":true,"href":"https:\/\/www.radiopresidenteibanez.cl\/web\/wp-json\/wp\/v2\/categories?post=35802"},{"taxonomy":"post_tag","embeddable":true,"href":"https:\/\/www.radiopresidenteibanez.cl\/web\/wp-json\/wp\/v2\/tags?post=35802"}],"curies":[{"name":"wp","href":"https:\/\/api.w.org\/{rel}","templated":true}]}}