{"id":3579,"date":"2019-04-22T14:56:46","date_gmt":"2019-04-22T14:56:46","guid":{"rendered":"http:\/\/www.radiopresidenteibanez.cl\/web\/?p=3579"},"modified":"2019-04-22T14:57:14","modified_gmt":"2019-04-22T14:57:14","slug":"en-villa-torres-del-paine-se-dio-inicio-a-la-instalacion-de-alarmas-comunitarias-iniciativa-financiada-a-traves-del-fondo-nacional-de-seguridad-publica-2018-de-la-subsecretaria-de-prevencion-del-d","status":"publish","type":"post","link":"https:\/\/www.radiopresidenteibanez.cl\/web\/en-villa-torres-del-paine-se-dio-inicio-a-la-instalacion-de-alarmas-comunitarias-iniciativa-financiada-a-traves-del-fondo-nacional-de-seguridad-publica-2018-de-la-subsecretaria-de-prevencion-del-d\/","title":{"rendered":"EN VILLA TORRES DEL PAINE, SE DIO INICIO A LA INSTALACI\u00d3N DE ALARMAS COMUNITARIAS,  INICIATIVA FINANCIADA A TRAV\u00c9S DEL FONDO NACIONAL DE SEGURIDAD P\u00daBLICA 2018, DE LA SUBSECRETARIA DE PREVENCI\u00d3N DEL DELITO"},"content":{"rendered":"\n<p>Con la presencia del Alcalde de la Il.\nMunicipalidad de Punta Arenas Claudio Radonich, la Coordinadora Regional de\nSeguridad P\u00fablica Jennifer Rojas, representantes de Gobernaci\u00f3n provincial de\nMagallanes, Carabineros de Chile, el Presidente de la JJVV N\u00b0 5 Villa Torrres\ndel Paine Arnaldo Turra junto a&nbsp;\ndirectiva y vecinos &#8211; vecinas del sector, se dio el vamos a la\ninstalaci\u00f3n de alarmas comunitarias en la Villa Torres del Paine, en la Plaza\nubicada en el coraz\u00f3n de la poblaci\u00f3n.<\/p>\n\n\n\n<p>En la oportunidad la directiva present\u00f3 a vecinos y\nvecinas, la iniciativa que se adjudic\u00f3 la Junta de Vecinos al Fondo Nacional de\nSeguridad P\u00fablica 2018, un sistema de\nprotecci\u00f3n solidario entre vecinos y vecinas, instrumento disuasivo para\ncombatir la delincuencia, que busca prevenir delitos asociados a la vivienda y\nespacios p\u00fablicos y otras situaciones de emergencia.&nbsp; Las Alarmas Comunitarias funcionan con\nsistema de sirenas y balizas instaladas en grupos de viviendas vecinas y &nbsp;son activadas mediante el uso de pulsadores,\ncontroles remotos inal\u00e1mbricos, que se entregan a cada vivienda, &nbsp;a fin de que las personas que se ven\nenfrentadas a alguna amenaza delictiva o emergencia puedan alertar a los\nvecinos y obtener auxilio. Adem\u00e1s, los vecinos participantes del sistema se\norganizan a trav\u00e9s de una red social y&nbsp;\nel contacto con carabineros y seguridad publica en caso&nbsp; que se produce un evento delictual u otra\nsituaci\u00f3n.<\/p>\n\n\n\n<p>La\ncoordinadora regional de Seguridad P\u00fablica, Jennifer Rojas, manifest\u00f3 que\n\u201cfelicito a la junta de vecinos Villa Torres del Paine porque son una muestra\nde que cuando hay organizaci\u00f3n, los objetivos se pueden cumplir. Gracias a su\ntrabajo y al financiamiento de la Subsecretar\u00eda de Prevenci\u00f3n del Delito, ahora\n250 vecinos podr\u00e1n vivir m\u00e1s seguros con sus alarmas comunitarias. El\nPresidente Sebasti\u00e1n Pi\u00f1era ha sido claro en poner la seguridad como una\nprioridad de trabajo, y aqu\u00ed se ven sus frutos\u201d.<\/p>\n\n\n\n<p>Por otra parte, el Alcalde de\nla comuna indic\u00f3: \u201ctal como lo hemos se\u00f1alado, la delincuencia es una pega de\ntodos, y para ello un elemento fundamental son los vecinos que se junten, que\nse organicen, y este es un muy buen ejemplo de ello.&nbsp; La junta de vecinos de Villa Torres del Paine\npostul\u00f3 un proyecto a los fondos nacionales de Seguridad P\u00fablica, y fue la\n\u00fanica que gan\u00f3 en toda nuestra regi\u00f3n, y esto signific\u00f3 que el Gobierno le\nentreg\u00f3 casi 12 millones de pesos para instalar alarmas comunitarias a las 250\ncasas de este sector, y uno ve que finalmente esto es un tema de autogesti\u00f3n,\ndonde por una parte est\u00e1n los vecinos comprometidos con este tema, est\u00e1 el\nGobierno que pone los fondos, est\u00e1 la municipalidad colaborando para que\nfinalmente sea un sector donde nuestros vecinos vivan seguros. Esto tenemos que\nmultiplicarlo, lo hemos hecho en otras partes de la ciudad, con la\nmunicipalidad hemos puesto m\u00e1s de dos mil alarmas, a dos mil casas, queda mucho\npor hacer y esperamos poder postular a m\u00e1s proyectos, vemos con temor que los\nproyectos de seguridad que hay por parte del Gore, son montos que impiden estas\nacciones, lo que por supuesto fue manifestado al intendente para que podamos\nestar todos alineados, que la pol\u00edtica p\u00fablica del gobierno vaya tambi\u00e9n\nasimilada a la pol\u00edtica p\u00fablica regional, donde la prevenci\u00f3n es fundamental y\nuno de los elementos en que hay que invertir es en alarmas comunitarias para\nque toda la ciudad tambi\u00e9n tenga este sistema preventivo\u201d, declar\u00f3.<\/p>\n\n\n\n<p>Rodolfo S\u00e1ez, tesorero de la JJVV, se\u00f1al\u00f3 que \u201clo principal\nhay un apoyo tremendo de la Subsecretaria de Prevenci\u00f3n del Delito y de la\nCoordinaci\u00f3n Regional de Seguridad P\u00fablica, gracias a ello no hubi\u00e9semos\nconseguido este proyecto, y a las personas que nos ayudaron a conseguir este\nanhelado proyecto para nuestros vecinos,&nbsp;\ncomo es el caso del personal que se desempe\u00f1a en la Intendencia de\nNuestra Regi\u00f3n, Coordinadora de Seguridad P\u00fablica&nbsp; Jennifer Rojas Garc\u00eda y Loreto M\u00e9ndez Fonseca\ncomo tambi\u00e9n a nuestra coordinadora del proyecto Ingrid Melipill\u00e1n Mu\u00f1oz, quienes\nen su af\u00e1n de hacer&nbsp; grande a nuestra\nregi\u00f3n, recibimos su ayuda incondicional en cada una de las dudas que se nos\npresentaron para la postulaci\u00f3n de esta iniciativa, como tambi\u00e9n de las\npersonas quienes han formado parte de este trabajo. Instamos a otras juntas\nvecinales a que se atrevan a postular, para que puedan concretar este tipo de\nproyecto que son los sistemas de alarmas comunitarias, no tener miedo ya que es\nposible concretar este tipo de iniciativas, y la subsecretaria es quien nos entrega\nesas herramientas, esto es una oportunidad para la comunidad que no podemos\ndejar pasar.&nbsp; Es importante destacar que de 1041 iniciativas\npostuladas, fueron favorecidas s\u00f3lo 89 a nivel pa\u00eds, siendo la \u00fanica\nbeneficiada en Magallanes con una inversi\u00f3n de $11.489.475.-\u201d,\nindic\u00f3.<\/p>\n\n\n\n<p>Finalmente, destacamos que el sistema de Alarma comunitaria requiere para poder funcionar de la Organizaci\u00f3n primaria entre los vecinos, por lo tanto la comunicaci\u00f3n, solidaridad y acci\u00f3n conjunta entre vecinos es indispensable para el \u00e9xito de este sistema.\u00a0 Lo importante es que todas ellas funcionen con la participaci\u00f3n de todos y todas, donde la confianza, compromiso y responsabilidad es esencial.<\/p>\n\n\n\n<figure class=\"wp-block-image\"><img loading=\"lazy\" decoding=\"async\" width=\"900\" height=\"675\" src=\"https:\/\/www.radiopresidenteibanez.cl\/web\/wp-content\/uploads\/2019\/04\/JJVV-TORRESDELPAINE4.jpg\" alt=\"\" class=\"wp-image-3580\" srcset=\"https:\/\/www.radiopresidenteibanez.cl\/web\/wp-content\/uploads\/2019\/04\/JJVV-TORRESDELPAINE4.jpg 900w, https:\/\/www.radiopresidenteibanez.cl\/web\/wp-content\/uploads\/2019\/04\/JJVV-TORRESDELPAINE4-300x225.jpg 300w, https:\/\/www.radiopresidenteibanez.cl\/web\/wp-content\/uploads\/2019\/04\/JJVV-TORRESDELPAINE4-768x576.jpg 768w\" sizes=\"auto, (max-width: 900px) 100vw, 900px\" \/><\/figure>\n","protected":false},"excerpt":{"rendered":"<p>Con la presencia del Alcalde de la Il. Municipalidad de Punta Arenas Claudio Radonich, la Coordinadora Regional de Seguridad P\u00fablica Jennifer Rojas, representantes de Gobernaci\u00f3n provincial de Magallanes, Carabineros de&#8230; <a class=\"read-more\" href=\"https:\/\/www.radiopresidenteibanez.cl\/web\/en-villa-torres-del-paine-se-dio-inicio-a-la-instalacion-de-alarmas-comunitarias-iniciativa-financiada-a-traves-del-fondo-nacional-de-seguridad-publica-2018-de-la-subsecretaria-de-prevencion-del-d\/\">Leer m\u00e1s<\/a><\/p>\n","protected":false},"author":2,"featured_media":3580,"comment_status":"closed","ping_status":"closed","sticky":false,"template":"","format":"standard","meta":{"footnotes":""},"categories":[1],"tags":[],"class_list":["post-3579","post","type-post","status-publish","format-standard","has-post-thumbnail","hentry","category-cronica"],"_links":{"self":[{"href":"https:\/\/www.radiopresidenteibanez.cl\/web\/wp-json\/wp\/v2\/posts\/3579","targetHints":{"allow":["GET"]}}],"collection":[{"href":"https:\/\/www.radiopresidenteibanez.cl\/web\/wp-json\/wp\/v2\/posts"}],"about":[{"href":"https:\/\/www.radiopresidenteibanez.cl\/web\/wp-json\/wp\/v2\/types\/post"}],"author":[{"embeddable":true,"href":"https:\/\/www.radiopresidenteibanez.cl\/web\/wp-json\/wp\/v2\/users\/2"}],"replies":[{"embeddable":true,"href":"https:\/\/www.radiopresidenteibanez.cl\/web\/wp-json\/wp\/v2\/comments?post=3579"}],"version-history":[{"count":0,"href":"https:\/\/www.radiopresidenteibanez.cl\/web\/wp-json\/wp\/v2\/posts\/3579\/revisions"}],"wp:featuredmedia":[{"embeddable":true,"href":"https:\/\/www.radiopresidenteibanez.cl\/web\/wp-json\/wp\/v2\/media\/3580"}],"wp:attachment":[{"href":"https:\/\/www.radiopresidenteibanez.cl\/web\/wp-json\/wp\/v2\/media?parent=3579"}],"wp:term":[{"taxonomy":"category","embeddable":true,"href":"https:\/\/www.radiopresidenteibanez.cl\/web\/wp-json\/wp\/v2\/categories?post=3579"},{"taxonomy":"post_tag","embeddable":true,"href":"https:\/\/www.radiopresidenteibanez.cl\/web\/wp-json\/wp\/v2\/tags?post=3579"}],"curies":[{"name":"wp","href":"https:\/\/api.w.org\/{rel}","templated":true}]}}