{"id":35789,"date":"2022-12-20T15:44:10","date_gmt":"2022-12-20T18:44:10","guid":{"rendered":"https:\/\/www.radiopresidenteibanez.cl\/web\/?p=35789"},"modified":"2022-12-20T15:44:10","modified_gmt":"2022-12-20T18:44:10","slug":"hif-global-carga-primeros-litros-de-combustibles-sinteticos-en-magallanes","status":"publish","type":"post","link":"https:\/\/www.radiopresidenteibanez.cl\/web\/hif-global-carga-primeros-litros-de-combustibles-sinteticos-en-magallanes\/","title":{"rendered":"<br><strong>HIF Global carga primeros litros de combustibles sint\u00e9ticos en Magallanes<\/strong>"},"content":{"rendered":"\n<p>HIF Global&nbsp;inici\u00f3 en Punta Arenas la producci\u00f3n de los primeros litros de combustibles sint\u00e9ticos de la planta demostrativa Haru Oni de HIF Global. El ministro de Energ\u00eda Diego Pardow encabez\u00f3 el evento, en que se carg\u00f3 un Porsche 911 con gasolina sint\u00e9tica. Se inici\u00f3 as\u00ed una nueva era para el transporte, pues los eCombustibles -hechos con hidr\u00f3geno verde y CO2 reciclado- pueden desplazar a los combustibles f\u00f3siles sin necesidad de cambios en los motores e infraestructura actual. Un hito para Chile y el mundo en la lucha contra el cambio clim\u00e1tico.&nbsp;<\/p>\n\n\n\n<p>\u201cEs clave que la nueva industria del hidr\u00f3geno verde favorezca la creaci\u00f3n de buenos empleos y mejore la calidad de vida de las personas. De esta forma, estaremos dando certezas para un futuro mucho m\u00e1s sostenible. Y la planta Haru Oni de HIF tiene ese valor simb\u00f3lico. Uno que nos permite mirar hacia un futuro donde otras formas de energ\u00eda son posibles. En un momento donde tantas fuerzas empujan para retroceder en nuestros objetivos clim\u00e1ticos, necesitamos estos momentos de optimismo\u00bb, destac\u00f3 Pardow.&nbsp;<\/p>\n\n\n\n<p>\u201cHace poco m\u00e1s de un a\u00f1o pusimos la primera piedra de este sue\u00f1o, que hoy es realidad: contar con un combustible creado con la energ\u00eda inigualable del viento magall\u00e1nico. Es una respuesta concreta, aqu\u00ed y ahora, al principal desaf\u00edo de la humanidad. Estamos orgullosos de dar este paso en Punta Arenas y en Chile, porque sabemos ser\u00e1 decisivo para el futuro de las pr\u00f3ximas generaciones\u201d, dijo el presidente de HIF Global, C\u00e9sar Norton, en el evento, que convoc\u00f3 a autoridades, representantes de Alemania, ejecutivos de las empresas asociadas a Haru Oni y representantes de la comunidad.&nbsp;<\/p>\n\n\n\n<p>El ejecutivo agradeci\u00f3 el apoyo de las autoridades y comunidades locales para el desarrollo de esta planta demostrativa. \u201cEstamos ante un problema de todos, por eso Haru Oni re\u00fane la experiencia de empresas alemanas, italianas, estadounidenses, chinas y chilenas al servicio de un mejor futuro. Magallanes puede ser l\u00edder en esta lucha y pondremos todo nuestro esfuerzo para que as\u00ed sea. Nuestro compromiso es escalar esta industria de manera sostenible, resguardando nuestro entorno y a nuestros vecinos\u201d, agreg\u00f3.&nbsp;<\/p>\n\n\n\n<p>El ministro de Transportes del Estado de Baden-W\u00fcrttemberg (Alemania), Wienfred Hermann, destac\u00f3 que \u201cestamos muy interesados en importar derivados y combustibles de hidr\u00f3geno amigables con el clima. La demanda es enorme, especialmente en los campos de la aviaci\u00f3n y el transporte mar\u00edtimo, pero tambi\u00e9n para descarbonizar las flotas de veh\u00edculos existentes. La alianza energ\u00e9tica chileno-alemana lanzada en 2019 ofrece un gran potencial para cooperar en la protecci\u00f3n del clima y la transformaci\u00f3n indispensable de la industria de los combustibles. Apoyamos firmemente este proyecto innovador\u201d.&nbsp;<\/p>\n\n\n\n<p>En la actividad participaron representantes de la comunidad, ejecutivos de las empresas involucradas en el proyecto y los ministros de Econom\u00eda, Nicol\u00e1s Grau; de Obras P\u00fablicas Juan Carlos Garc\u00eda y de Ciencia, Silvia D\u00edaz. A ellos se sum\u00f3 el vicepresidente ejecutivo de Corfo, Jos\u00e9 Miguel Benavente; el gobernador Jorge Flies y el alcalde de Punta Arenas, Claudio Radonich.&nbsp;<\/p>\n","protected":false},"excerpt":{"rendered":"<p>HIF Global&nbsp;inici\u00f3 en Punta Arenas la producci\u00f3n de los primeros litros de combustibles sint\u00e9ticos de la planta demostrativa Haru Oni de HIF Global. El ministro de Energ\u00eda Diego Pardow encabez\u00f3&#8230; <a class=\"read-more\" href=\"https:\/\/www.radiopresidenteibanez.cl\/web\/hif-global-carga-primeros-litros-de-combustibles-sinteticos-en-magallanes\/\">Leer m\u00e1s<\/a><\/p>\n","protected":false},"author":2,"featured_media":35790,"comment_status":"closed","ping_status":"closed","sticky":false,"template":"","format":"standard","meta":{"footnotes":""},"categories":[1],"tags":[],"class_list":["post-35789","post","type-post","status-publish","format-standard","has-post-thumbnail","hentry","category-cronica"],"_links":{"self":[{"href":"https:\/\/www.radiopresidenteibanez.cl\/web\/wp-json\/wp\/v2\/posts\/35789","targetHints":{"allow":["GET"]}}],"collection":[{"href":"https:\/\/www.radiopresidenteibanez.cl\/web\/wp-json\/wp\/v2\/posts"}],"about":[{"href":"https:\/\/www.radiopresidenteibanez.cl\/web\/wp-json\/wp\/v2\/types\/post"}],"author":[{"embeddable":true,"href":"https:\/\/www.radiopresidenteibanez.cl\/web\/wp-json\/wp\/v2\/users\/2"}],"replies":[{"embeddable":true,"href":"https:\/\/www.radiopresidenteibanez.cl\/web\/wp-json\/wp\/v2\/comments?post=35789"}],"version-history":[{"count":0,"href":"https:\/\/www.radiopresidenteibanez.cl\/web\/wp-json\/wp\/v2\/posts\/35789\/revisions"}],"wp:featuredmedia":[{"embeddable":true,"href":"https:\/\/www.radiopresidenteibanez.cl\/web\/wp-json\/wp\/v2\/media\/35790"}],"wp:attachment":[{"href":"https:\/\/www.radiopresidenteibanez.cl\/web\/wp-json\/wp\/v2\/media?parent=35789"}],"wp:term":[{"taxonomy":"category","embeddable":true,"href":"https:\/\/www.radiopresidenteibanez.cl\/web\/wp-json\/wp\/v2\/categories?post=35789"},{"taxonomy":"post_tag","embeddable":true,"href":"https:\/\/www.radiopresidenteibanez.cl\/web\/wp-json\/wp\/v2\/tags?post=35789"}],"curies":[{"name":"wp","href":"https:\/\/api.w.org\/{rel}","templated":true}]}}