{"id":35779,"date":"2022-12-20T19:56:00","date_gmt":"2022-12-20T22:56:00","guid":{"rendered":"https:\/\/www.radiopresidenteibanez.cl\/web\/?p=35779"},"modified":"2022-12-20T11:29:45","modified_gmt":"2022-12-20T14:29:45","slug":"casos-sociales-del-hospital-de-natales-gozaron-de-una-divertida-jornada-recreativa","status":"publish","type":"post","link":"https:\/\/www.radiopresidenteibanez.cl\/web\/casos-sociales-del-hospital-de-natales-gozaron-de-una-divertida-jornada-recreativa\/","title":{"rendered":"Casos sociales del Hospital de Natales gozaron de una divertida jornada recreativa"},"content":{"rendered":"\n<p>Durante el fin de semana se realiz\u00f3 una actividad recreativa socio terap\u00e9utica destinada a los casos sociales del recinto hospitalario natalino, la cual fue organizada por el gremio ASENF (Asociaci\u00f3n de Enfermeros y Enfermeras) con el principal objetivo de que aquellos pacientes que llevan a\u00f1os en calidad de caso social puedan salir a divertirse, compartir y probar algo diferente.<\/p>\n\n\n\n<p>La actividad surgi\u00f3 a ra\u00edz del cierre de fin de a\u00f1o, con la finalidad de que sea replicado en otras instancias del a\u00f1o. En la oportunidad, los pacientes gozaron de una rica once y de la entrega de presentes, como a su vez, tuvieron la oportunidad de recrearse, compartir, bailar y cantar en otro contexto totalmente diferente<\/p>\n\n\n\n<p>A nombre de todo el Hospital Dr. Augusto Essmann Burgos, agradecemos principalmente a ASENF y a todos y todas quienes hicieron posible el desarrollo de esta bella velada.<\/p>\n","protected":false},"excerpt":{"rendered":"<p>Durante el fin de semana se realiz\u00f3 una actividad recreativa socio terap\u00e9utica destinada a los casos sociales del recinto hospitalario natalino, la cual fue organizada por el gremio ASENF (Asociaci\u00f3n&#8230; <a class=\"read-more\" href=\"https:\/\/www.radiopresidenteibanez.cl\/web\/casos-sociales-del-hospital-de-natales-gozaron-de-una-divertida-jornada-recreativa\/\">Leer m\u00e1s<\/a><\/p>\n","protected":false},"author":2,"featured_media":35780,"comment_status":"closed","ping_status":"closed","sticky":false,"template":"","format":"standard","meta":{"footnotes":""},"categories":[1],"tags":[],"class_list":["post-35779","post","type-post","status-publish","format-standard","has-post-thumbnail","hentry","category-cronica"],"_links":{"self":[{"href":"https:\/\/www.radiopresidenteibanez.cl\/web\/wp-json\/wp\/v2\/posts\/35779","targetHints":{"allow":["GET"]}}],"collection":[{"href":"https:\/\/www.radiopresidenteibanez.cl\/web\/wp-json\/wp\/v2\/posts"}],"about":[{"href":"https:\/\/www.radiopresidenteibanez.cl\/web\/wp-json\/wp\/v2\/types\/post"}],"author":[{"embeddable":true,"href":"https:\/\/www.radiopresidenteibanez.cl\/web\/wp-json\/wp\/v2\/users\/2"}],"replies":[{"embeddable":true,"href":"https:\/\/www.radiopresidenteibanez.cl\/web\/wp-json\/wp\/v2\/comments?post=35779"}],"version-history":[{"count":0,"href":"https:\/\/www.radiopresidenteibanez.cl\/web\/wp-json\/wp\/v2\/posts\/35779\/revisions"}],"wp:featuredmedia":[{"embeddable":true,"href":"https:\/\/www.radiopresidenteibanez.cl\/web\/wp-json\/wp\/v2\/media\/35780"}],"wp:attachment":[{"href":"https:\/\/www.radiopresidenteibanez.cl\/web\/wp-json\/wp\/v2\/media?parent=35779"}],"wp:term":[{"taxonomy":"category","embeddable":true,"href":"https:\/\/www.radiopresidenteibanez.cl\/web\/wp-json\/wp\/v2\/categories?post=35779"},{"taxonomy":"post_tag","embeddable":true,"href":"https:\/\/www.radiopresidenteibanez.cl\/web\/wp-json\/wp\/v2\/tags?post=35779"}],"curies":[{"name":"wp","href":"https:\/\/api.w.org\/{rel}","templated":true}]}}