{"id":35770,"date":"2022-12-20T15:37:00","date_gmt":"2022-12-20T18:37:00","guid":{"rendered":"https:\/\/www.radiopresidenteibanez.cl\/web\/?p=35770"},"modified":"2022-12-20T09:46:25","modified_gmt":"2022-12-20T12:46:25","slug":"consejo-regional-desea-conocer-in-situ-avances-de-la-senda-de-penetracion-vicuna-yendegaia","status":"publish","type":"post","link":"https:\/\/www.radiopresidenteibanez.cl\/web\/consejo-regional-desea-conocer-in-situ-avances-de-la-senda-de-penetracion-vicuna-yendegaia\/","title":{"rendered":"Consejo Regional desea conocer \u201cin situ\u201d avances de la senda de penetraci\u00f3n Vicu\u00f1a-Yendegaia"},"content":{"rendered":"\n<p>Es as\u00ed como luego de varias presentaciones en el pleno, y el trabajo con sus colegas del<br>Consejo Regional en Comisiones de R\u00e9gimen Interior e Infraestructura, el consejero C\u00e1rdenas<br>inform\u00f3 que se estableci\u00f3 en la hoja de ruta del Gobierno Regional para el 2023, sesionar en la<br>comuna de Timaukel y conocer de los avances de la senda de penetraci\u00f3n Vicu\u00f1a-Yendegai;<br>ruta interprovincial que permitir\u00e1 dar conectividad tanto al sur de la isla como al archipi\u00e9lago<br>fueguino y a la isla Navarino, emblem\u00e1tica iniciativa del Estado de Chile, llevada adelante por<br>el Ministerio de Obras P\u00fablicas y el Cuerpo Militar del Trabajo.<br>Al respecto, el consejero C\u00e1rdenas indic\u00f3: \u00abPara todos los que hemos nacido, crecido y nos<br>hemos desarrollados en la isla de Tierra del Fuego, resulta fundamental contar con esta ruta,<br>que esperamos avance con rapidez para que el desarrollo tur\u00edstico y social; as\u00ed como contar<br>con los resguardos y protecci\u00f3n de los bosques subant\u00e1rticos, glaciares y su rica avifauna con<br>la que contamos en dicha zona. Anhelo que con los a\u00f1os muchas personas tengan la<br>posibilidad de conocer y disfrutar de estos bellos parajes, entregando mayor conectividad a los<br>habitantes de Cabo de Hornos, y se haga efectiva la descentralizaci\u00f3n regional por la que tanto<br>luchamos\u00bb, enfatiz\u00f3.<br>La construcci\u00f3n de la senda de penetraci\u00f3n Vicu\u00f1a-Yendegai, ruta que con sus 139 kil\u00f3metros<br>permitir\u00e1 unir a Punta Arenas con Puerto Williams en cerca de 12 horas, se inici\u00f3 en 1994 y su<br>avance se ha producido en distintas etapas, que se espera concluyan en 2026 seg\u00fan el \u00faltimo<br>reporte, de ah\u00ed el inter\u00e9s del Core de ver \u201cin situ\u201d el avance de tan relevante y compleja obra<br>de conectividad.<\/p>\n","protected":false},"excerpt":{"rendered":"<p>Es as\u00ed como luego de varias presentaciones en el pleno, y el trabajo con sus colegas delConsejo Regional en Comisiones de R\u00e9gimen Interior e Infraestructura, el consejero C\u00e1rdenasinform\u00f3 que se&#8230; <a class=\"read-more\" href=\"https:\/\/www.radiopresidenteibanez.cl\/web\/consejo-regional-desea-conocer-in-situ-avances-de-la-senda-de-penetracion-vicuna-yendegaia\/\">Leer m\u00e1s<\/a><\/p>\n","protected":false},"author":2,"featured_media":35771,"comment_status":"closed","ping_status":"closed","sticky":false,"template":"","format":"standard","meta":{"footnotes":""},"categories":[1],"tags":[],"class_list":["post-35770","post","type-post","status-publish","format-standard","has-post-thumbnail","hentry","category-cronica"],"_links":{"self":[{"href":"https:\/\/www.radiopresidenteibanez.cl\/web\/wp-json\/wp\/v2\/posts\/35770","targetHints":{"allow":["GET"]}}],"collection":[{"href":"https:\/\/www.radiopresidenteibanez.cl\/web\/wp-json\/wp\/v2\/posts"}],"about":[{"href":"https:\/\/www.radiopresidenteibanez.cl\/web\/wp-json\/wp\/v2\/types\/post"}],"author":[{"embeddable":true,"href":"https:\/\/www.radiopresidenteibanez.cl\/web\/wp-json\/wp\/v2\/users\/2"}],"replies":[{"embeddable":true,"href":"https:\/\/www.radiopresidenteibanez.cl\/web\/wp-json\/wp\/v2\/comments?post=35770"}],"version-history":[{"count":0,"href":"https:\/\/www.radiopresidenteibanez.cl\/web\/wp-json\/wp\/v2\/posts\/35770\/revisions"}],"wp:featuredmedia":[{"embeddable":true,"href":"https:\/\/www.radiopresidenteibanez.cl\/web\/wp-json\/wp\/v2\/media\/35771"}],"wp:attachment":[{"href":"https:\/\/www.radiopresidenteibanez.cl\/web\/wp-json\/wp\/v2\/media?parent=35770"}],"wp:term":[{"taxonomy":"category","embeddable":true,"href":"https:\/\/www.radiopresidenteibanez.cl\/web\/wp-json\/wp\/v2\/categories?post=35770"},{"taxonomy":"post_tag","embeddable":true,"href":"https:\/\/www.radiopresidenteibanez.cl\/web\/wp-json\/wp\/v2\/tags?post=35770"}],"curies":[{"name":"wp","href":"https:\/\/api.w.org\/{rel}","templated":true}]}}