{"id":3577,"date":"2019-04-22T14:52:01","date_gmt":"2019-04-22T14:52:01","guid":{"rendered":"http:\/\/www.radiopresidenteibanez.cl\/web\/?p=3577"},"modified":"2019-04-22T14:52:21","modified_gmt":"2019-04-22T14:52:21","slug":"tiempo-de-reflexion-por-ernesto-sepulveda","status":"publish","type":"post","link":"https:\/\/www.radiopresidenteibanez.cl\/web\/tiempo-de-reflexion-por-ernesto-sepulveda\/","title":{"rendered":"\u00abTIEMPO DE REFLEXI\u00d3N\u00bb, POR ERNESTO SEPULVEDA"},"content":{"rendered":"\n<p>Nunca nos ha sido indiferente la Semana Santa, a la mayor\u00eda de los chilenos. Sea por las largas e interminables filas de veh\u00edculos, con millones de santiaguinos saliendo de la capital. Que, por cierto vemos en todo Chile en una marat\u00f3n televisiva. Sea por las tradiciones culinarias asociadas a la fecha, y el consabido aumento del consumo de pescados y mariscos. Sea por los que procuramos vivir, con devoci\u00f3n, los ritos que la tradici\u00f3n cristiana, realiza para conmemorar la pasi\u00f3n, muerte y resurrecci\u00f3n de Jesucristo.<\/p>\n\n\n\n<p>A nadie deja indiferente, sea porque disfruta el festivo, o porque apetece los ricos manjares, o porque participa activamente en iglesias y capillas.<\/p>\n\n\n\n<p>El tema de la fe, siempre ha sido un tema espinudo. Yo mismo he escuchado a muchos no creyentes, reconocer que se trata de un don. Cuando se posee, de nada sirve tratar de explicarla a otros. Lo mejor es tratar de vivirlo.<\/p>\n\n\n\n<p>Pareciera ser que esta Semana Santa, tuvo alcances especiales. Vimos con mucha pena, las im\u00e1genes de la catedral de Notre Dame incendi\u00e1ndose. Una maravilla de la arquitectura, testimonio de m\u00e1s de 800 a\u00f1os de historia. Una obra, donde se volc\u00f3 todo el oficio de orfebres, carpinteros y alba\u00f1iles, por varias generaciones.<\/p>\n\n\n\n<p>Vimos a miles de franceses congregados en torno a su catedral, muchos de ellos orando de rodillas. Felizmente se pudo sofocar el incendio, y pese a las notables p\u00e9rdidas se puede reparar. El Presidente Macron, en un tono que le es muy caro, como encarnaci\u00f3n viva de la rep\u00fablica, convoc\u00f3 a todos a la reconstrucci\u00f3n. De inmediato los poderosos magnates franceses, abrieron sus arcas y sus cofres, y se reuni\u00f3 una suma que superaba los mil millones de euros.<\/p>\n\n\n\n<p>Hasta de Chile, hubo ofrecimientos, de madera y cobre por parte del presidente.<\/p>\n\n\n\n<p>Impact\u00f3 mucho ver en redes sociales, a personas con nombre y apellido, festinando con la destrucci\u00f3n de la catedral. En una analog\u00eda perversa, se asimilaba el incendio, al da\u00f1o que han producido los abusos sexuales y de poder al interior de la iglesia. Otros con un poco mas de sentido com\u00fan y mesura, llamaban a la reconstrucci\u00f3n de venerables e hist\u00f3ricos templos chilenos, da\u00f1ados por terremotos o incendios. Se mencion\u00f3 a la iglesia de San Francisco de Valpara\u00edso, la que le dio su nombre al puerto, el tradicional y marinero \u201cPancho\u201d.<\/p>\n\n\n\n<p>No hay que ir lejos, para conocer experiencias de cristianos comprometidos, con su iglesia. En la propia Punta Arenas, se conoce el caso de una peque\u00f1a estructura, que sirvi\u00f3 como capilla a la comunidad \u201cJuan XXIII\u201d,&nbsp;&nbsp;mientras la comunidad se organizaba para construir sus casas, afectadas por una inundaci\u00f3n del R\u00edo de las Minas. Cuando se cumpli\u00f3 ese cometido, se traslad\u00f3 esa estructura en una \u201cminga\u201d, a otro sector, a la Villa Alfredo Lorca. Donde sirvi\u00f3 para los mismos fines, hasta que se contruy\u00f3 el actual templo de la Parroquia Santa Teresa.<\/p>\n\n\n\n<p>La estructura en cuesti\u00f3n volvi\u00f3 a trasladarse en \u201cMinga\u201d, y hoy sirve de capilla a la comunidad \u201cSan Pedro y San Pablo\u201d, que tambi\u00e9n est\u00e1 en proceso de construcci\u00f3n de su iglesia.<\/p>\n\n\n\n<p>Donde quiero llegar con esto? Son las personas comunes y corrientes, las que construyen las catedrales, los grandes templos, los edificios. Lo que impulsa a hombres y mujeres en todo el mundo, a entregar su trabajo, su tiempo, y en muchos casos sus propias vidas. Eso, es la fe.<\/p>\n\n\n\n<p>Esa es la riqueza de la iglesia cat\u00f3lica, ser portadora de un mensaje que atraviesa el tiempo, atraviesa la historia, y es siempre actual. Es siempre un mensaje nuevo. Un mensaje de amor, de misericordia, que ha venido a transformarlo todo.<\/p>\n\n\n\n<p>Cada Semana Santa, los cristianos recibimos un llamado a iniciar una nueva vida.&nbsp;&nbsp;Un llamado de esperanza para el que sufre, el oprimido, el desesperado. Un llamado a la fraternidad, y al compromiso.<\/p>\n\n\n\n<p>El d\u00eda de la pascua de resurrecci\u00f3n, cuando se recuerda que Cristo venci\u00f3 a la muerte, tras haber ofrendado su vida por todos nosotros. En un distante lugar, llamado Sri Lanka, se produjeron 8 atentados explosivos, contra hoteles, y tambi\u00e9n contra iglesias donde los cat\u00f3licos, celebraban la pascua. Centenares de muertos y heridos, inocentes que sufrieron un ataque cruel, y alevoso, que no tiene justificaci\u00f3n alguna.<\/p>\n\n\n\n<p>Nuestra tranquila vida, en Chile, y mas tranquila aun en Magallanes, debe hacernos reflexionar en estos hechos, en nuestro compromiso. Hago todo lo que puedo por los dem\u00e1s?, vivo cada d\u00eda tratando de mejorar la vida de otros? Soy fiel a mis principios y creencias?<\/p>\n\n\n\n<p>En mi caso, mi fe en Jesucristo, herencia de una familia devota, me ha llevado al compromiso social y pol\u00edtico. Y gracias a episodios de mi vida reciente, me ha llevado&nbsp;&nbsp;a vivir con gran intensidad la experiencia de la oraci\u00f3n y la vida en una comunidad cristiana. Estos son tesoros al alcance de cualquiera, solo se requiere voluntad y entrega.<\/p>\n\n\n\n<p>Es por ello, que invito en esta semana, a reflexionar sobre estos temas.<\/p>\n\n\n\n<figure class=\"wp-block-image\"><img loading=\"lazy\" decoding=\"async\" width=\"1024\" height=\"768\" src=\"http:\/\/www.radiopresidenteibanez.cl\/web\/wp-content\/uploads\/2019\/03\/IMG-20190310-WA0014-1024x768.jpg\" alt=\"\" class=\"wp-image-2310\" srcset=\"https:\/\/www.radiopresidenteibanez.cl\/web\/wp-content\/uploads\/2019\/03\/IMG-20190310-WA0014.jpg 1024w, https:\/\/www.radiopresidenteibanez.cl\/web\/wp-content\/uploads\/2019\/03\/IMG-20190310-WA0014-300x225.jpg 300w, https:\/\/www.radiopresidenteibanez.cl\/web\/wp-content\/uploads\/2019\/03\/IMG-20190310-WA0014-768x576.jpg 768w\" sizes=\"auto, (max-width: 1024px) 100vw, 1024px\" \/><\/figure>\n","protected":false},"excerpt":{"rendered":"<p>Nunca nos ha sido indiferente la Semana Santa, a la mayor\u00eda de los chilenos. Sea por las largas e interminables filas de veh\u00edculos, con millones de santiaguinos saliendo de la&#8230; <a class=\"read-more\" href=\"https:\/\/www.radiopresidenteibanez.cl\/web\/tiempo-de-reflexion-por-ernesto-sepulveda\/\">Leer m\u00e1s<\/a><\/p>\n","protected":false},"author":2,"featured_media":2310,"comment_status":"closed","ping_status":"closed","sticky":false,"template":"","format":"standard","meta":{"footnotes":""},"categories":[1],"tags":[],"class_list":["post-3577","post","type-post","status-publish","format-standard","has-post-thumbnail","hentry","category-cronica"],"_links":{"self":[{"href":"https:\/\/www.radiopresidenteibanez.cl\/web\/wp-json\/wp\/v2\/posts\/3577","targetHints":{"allow":["GET"]}}],"collection":[{"href":"https:\/\/www.radiopresidenteibanez.cl\/web\/wp-json\/wp\/v2\/posts"}],"about":[{"href":"https:\/\/www.radiopresidenteibanez.cl\/web\/wp-json\/wp\/v2\/types\/post"}],"author":[{"embeddable":true,"href":"https:\/\/www.radiopresidenteibanez.cl\/web\/wp-json\/wp\/v2\/users\/2"}],"replies":[{"embeddable":true,"href":"https:\/\/www.radiopresidenteibanez.cl\/web\/wp-json\/wp\/v2\/comments?post=3577"}],"version-history":[{"count":0,"href":"https:\/\/www.radiopresidenteibanez.cl\/web\/wp-json\/wp\/v2\/posts\/3577\/revisions"}],"wp:featuredmedia":[{"embeddable":true,"href":"https:\/\/www.radiopresidenteibanez.cl\/web\/wp-json\/wp\/v2\/media\/2310"}],"wp:attachment":[{"href":"https:\/\/www.radiopresidenteibanez.cl\/web\/wp-json\/wp\/v2\/media?parent=3577"}],"wp:term":[{"taxonomy":"category","embeddable":true,"href":"https:\/\/www.radiopresidenteibanez.cl\/web\/wp-json\/wp\/v2\/categories?post=3577"},{"taxonomy":"post_tag","embeddable":true,"href":"https:\/\/www.radiopresidenteibanez.cl\/web\/wp-json\/wp\/v2\/tags?post=3577"}],"curies":[{"name":"wp","href":"https:\/\/api.w.org\/{rel}","templated":true}]}}