{"id":35758,"date":"2022-12-20T10:21:00","date_gmt":"2022-12-20T13:21:00","guid":{"rendered":"https:\/\/www.radiopresidenteibanez.cl\/web\/?p=35758"},"modified":"2022-12-20T11:56:04","modified_gmt":"2022-12-20T14:56:04","slug":"zorro-cumpeo-inesperado-visitante-recorrio-el-centro-de-punta-arenas","status":"publish","type":"post","link":"https:\/\/www.radiopresidenteibanez.cl\/web\/zorro-cumpeo-inesperado-visitante-recorrio-el-centro-de-punta-arenas\/","title":{"rendered":"Zorro Culpeo, Inesperado visitante recorrio el centro de Punta Arenas"},"content":{"rendered":"\n<p>Durante la jornada del d\u00eda jueves, funcionarios del Servicio<br>Agr\u00edcola y Ganadero de Magallanes, recibieron un llamado que alertaba sobre la presencia de un zorro<br>culpeo o zorro colorado (Lycalopex culpaeus) que deambulaba por una residencia del sector centro de<br>Punta Arenas, sin embargo, y tras una primera aproximaci\u00f3n, el escurridizo visitante emprendi\u00f3 rumbo<br>hasta el edificio que alberga a la I.M. de Punta Arenas, lugar donde finalmente fue alcanzado por los<br>funcionarios que le dieron captura y fue trasladado hasta un sitio seguro donde fue examinado y<br>mantenido en observaci\u00f3n.<br>Al respecto, el m\u00e9dico veterinario y coordinador de fauna silvestre de SAG Magallanes, Rodrigo Molina<br>Uriarte, indic\u00f3 que se trataba de un zorro macho juvenil de buena talla, y explic\u00f3 que \u201ces normal que<br>ingresen estos animales, a trav\u00e9s de corredores biol\u00f3gicos como el r\u00edo de Las Minas o el r\u00edo de la Mano,<br>a la ciudad. Ante estos eventos es muy importante que la ciudadan\u00eda nos d\u00e9 un oportuno aviso, como en<br>este caso, para capturar al animal, ya que, si bien est\u00e1 a salvo, est\u00e1 en un lugar que no es su h\u00e1bitat, y<br>puede haber peligros como atropellos y ataques de perros, como tambi\u00e9n, peligros para las personas ya<br>que el animal se ve estresado en un ambiente que es inh\u00f3spito para \u00e9l.<br>Por lo tanto, la recomendaci\u00f3n es nunca intervenir en estos casos, dar aviso oportuno, dejar que los<br>animales se desplacen por s\u00ed mismos y ser\u00e1 el SAG quien realice la captura y lo regresar\u00e1 a su h\u00e1bitat, si<br>es que est\u00e1 en condiciones de hacerlo\u201d.<br>Por su parte, el director regional (s) de SAG Magallanes, Jorge Haro D\u00edaz, agreg\u00f3 \u201cse trata de una especie<br>protegida por la Ley de caza, por lo tanto, se encuentra prohibida su caza, y es una especie ben\u00e9fica<br>para la mantenci\u00f3n de los ecosistemas naturales\u201d.<br>Desde la instituci\u00f3n reiteraron la importancia de cumplir con la normativa vigente, en especial en este<br>per\u00edodo, donde las especies se encuentran en \u00e9poca reproductiva y de crianza, y es importante respetar<br>los tiempos y espacios de aves y fauna en general, no alterando el descanso que pichones realizan<br>mientras aprenden a volar, evitando acercarse a grupos de animales con cr\u00edas peque\u00f1as, no<br>interviniendo en nidos o madrigueras, y permitiendo el libre tr\u00e1nsito de las especies.<br>Cabe se\u00f1alar, que el \u201ccitadino\u201d zorro, tras haber sido examinado por un veterinario y haber<br>permanecido en observaci\u00f3n por algunas horas, fue liberado en el sector de la reserva Laguna Parrillar,<br>dependiente de CONAF, lugar donde se reinsert\u00f3 exitosamente.<br>Para mayor informaci\u00f3n sobre esta y otras materias de competencia del Servicio, visite www.sag.cl , o<br>escribanos a contacto.magallanes@sag.gob.cl<\/p>\n","protected":false},"excerpt":{"rendered":"<p>Durante la jornada del d\u00eda jueves, funcionarios del ServicioAgr\u00edcola y Ganadero de Magallanes, recibieron un llamado que alertaba sobre la presencia de un zorroculpeo o zorro colorado (Lycalopex culpaeus) que&#8230; <a class=\"read-more\" href=\"https:\/\/www.radiopresidenteibanez.cl\/web\/zorro-cumpeo-inesperado-visitante-recorrio-el-centro-de-punta-arenas\/\">Leer m\u00e1s<\/a><\/p>\n","protected":false},"author":2,"featured_media":35759,"comment_status":"closed","ping_status":"closed","sticky":false,"template":"","format":"standard","meta":{"footnotes":""},"categories":[1],"tags":[],"class_list":["post-35758","post","type-post","status-publish","format-standard","has-post-thumbnail","hentry","category-cronica"],"_links":{"self":[{"href":"https:\/\/www.radiopresidenteibanez.cl\/web\/wp-json\/wp\/v2\/posts\/35758","targetHints":{"allow":["GET"]}}],"collection":[{"href":"https:\/\/www.radiopresidenteibanez.cl\/web\/wp-json\/wp\/v2\/posts"}],"about":[{"href":"https:\/\/www.radiopresidenteibanez.cl\/web\/wp-json\/wp\/v2\/types\/post"}],"author":[{"embeddable":true,"href":"https:\/\/www.radiopresidenteibanez.cl\/web\/wp-json\/wp\/v2\/users\/2"}],"replies":[{"embeddable":true,"href":"https:\/\/www.radiopresidenteibanez.cl\/web\/wp-json\/wp\/v2\/comments?post=35758"}],"version-history":[{"count":0,"href":"https:\/\/www.radiopresidenteibanez.cl\/web\/wp-json\/wp\/v2\/posts\/35758\/revisions"}],"wp:featuredmedia":[{"embeddable":true,"href":"https:\/\/www.radiopresidenteibanez.cl\/web\/wp-json\/wp\/v2\/media\/35759"}],"wp:attachment":[{"href":"https:\/\/www.radiopresidenteibanez.cl\/web\/wp-json\/wp\/v2\/media?parent=35758"}],"wp:term":[{"taxonomy":"category","embeddable":true,"href":"https:\/\/www.radiopresidenteibanez.cl\/web\/wp-json\/wp\/v2\/categories?post=35758"},{"taxonomy":"post_tag","embeddable":true,"href":"https:\/\/www.radiopresidenteibanez.cl\/web\/wp-json\/wp\/v2\/tags?post=35758"}],"curies":[{"name":"wp","href":"https:\/\/api.w.org\/{rel}","templated":true}]}}