{"id":3574,"date":"2019-04-22T14:43:14","date_gmt":"2019-04-22T14:43:14","guid":{"rendered":"http:\/\/www.radiopresidenteibanez.cl\/web\/?p=3574"},"modified":"2019-04-22T14:43:44","modified_gmt":"2019-04-22T14:43:44","slug":"a-la-carcel-involucrado-en-homicidio-en-la-poblacion-nelda-panicucci","status":"publish","type":"post","link":"https:\/\/www.radiopresidenteibanez.cl\/web\/a-la-carcel-involucrado-en-homicidio-en-la-poblacion-nelda-panicucci\/","title":{"rendered":"A LA C\u00c1RCEL INVOLUCRADO EN HOMICIDIO EN LA POBLACI\u00d3N NELDA PANICUCCI"},"content":{"rendered":"\n<p>Ayer\ndomingo se vivi\u00f3 la audiencia de formalizaci\u00f3n en contra Luis Villarroel Iturra,\nsujeto acusado de dar muerte a Sergio Gallardo Oyarzo de 30 a\u00f1os de edad quien\nfue encontrado sin vida al interior de un inmueble de la poblaci\u00f3n Nelda\nPanicucci.<\/p>\n\n\n\n<p>Las\ndeclaraciones de los propietarios del inmueble donde fue hallado el cad\u00e1ver y\nde testigos habr\u00edan sido clave para que se lograra esclarecer el lamentable deceso.<\/p>\n\n\n\n<p>Durante\nla audiencia se estableci\u00f3 que, en las \u00faltimas horas de vida de Gallardo,\nestuvo en compa\u00f1\u00eda de otras tres personas, todos, vinculados a un robo de\nbebidas alcoh\u00f3licas a un almac\u00e9n del sector de Nelda Panicucci. No obstante, pasado\nel mediod\u00eda una ri\u00f1a por cuyo origen es investigado termin\u00f3 en el desenlace ya\nmencionado.<\/p>\n\n\n\n<p>Im\u00e1genes\nde c\u00e1maras de seguridad permitieron posicionar al imputado en el lugar del robo\njunto a la v\u00edctima fatal.<\/p>\n\n\n\n<p>Con todos estos antecedentes el fiscal a cargo del caso Fernando Dobson solicit\u00f3 la medida cautelar de prisi\u00f3n preventiva, tras ello Villarroel Iturra ingres\u00f3 a la c\u00e1rcel fij\u00e1ndose un plazo de investigaci\u00f3n de 4 meses.<\/p>\n\n\n\n<figure class=\"wp-block-image\"><img loading=\"lazy\" decoding=\"async\" width=\"700\" height=\"525\" src=\"http:\/\/www.radiopresidenteibanez.cl\/web\/wp-content\/uploads\/2019\/04\/04_05_2018magallanes.jpg\" alt=\"\" class=\"wp-image-3575\" srcset=\"https:\/\/www.radiopresidenteibanez.cl\/web\/wp-content\/uploads\/2019\/04\/04_05_2018magallanes.jpg 700w, https:\/\/www.radiopresidenteibanez.cl\/web\/wp-content\/uploads\/2019\/04\/04_05_2018magallanes-300x225.jpg 300w\" sizes=\"auto, (max-width: 700px) 100vw, 700px\" \/><\/figure>\n","protected":false},"excerpt":{"rendered":"<p>Ayer domingo se vivi\u00f3 la audiencia de formalizaci\u00f3n en contra Luis Villarroel Iturra, sujeto acusado de dar muerte a Sergio Gallardo Oyarzo de 30 a\u00f1os de edad quien fue encontrado&#8230; <a class=\"read-more\" href=\"https:\/\/www.radiopresidenteibanez.cl\/web\/a-la-carcel-involucrado-en-homicidio-en-la-poblacion-nelda-panicucci\/\">Leer m\u00e1s<\/a><\/p>\n","protected":false},"author":2,"featured_media":3575,"comment_status":"closed","ping_status":"closed","sticky":false,"template":"","format":"standard","meta":{"footnotes":""},"categories":[6],"tags":[],"class_list":["post-3574","post","type-post","status-publish","format-standard","has-post-thumbnail","hentry","category-policial"],"_links":{"self":[{"href":"https:\/\/www.radiopresidenteibanez.cl\/web\/wp-json\/wp\/v2\/posts\/3574","targetHints":{"allow":["GET"]}}],"collection":[{"href":"https:\/\/www.radiopresidenteibanez.cl\/web\/wp-json\/wp\/v2\/posts"}],"about":[{"href":"https:\/\/www.radiopresidenteibanez.cl\/web\/wp-json\/wp\/v2\/types\/post"}],"author":[{"embeddable":true,"href":"https:\/\/www.radiopresidenteibanez.cl\/web\/wp-json\/wp\/v2\/users\/2"}],"replies":[{"embeddable":true,"href":"https:\/\/www.radiopresidenteibanez.cl\/web\/wp-json\/wp\/v2\/comments?post=3574"}],"version-history":[{"count":0,"href":"https:\/\/www.radiopresidenteibanez.cl\/web\/wp-json\/wp\/v2\/posts\/3574\/revisions"}],"wp:featuredmedia":[{"embeddable":true,"href":"https:\/\/www.radiopresidenteibanez.cl\/web\/wp-json\/wp\/v2\/media\/3575"}],"wp:attachment":[{"href":"https:\/\/www.radiopresidenteibanez.cl\/web\/wp-json\/wp\/v2\/media?parent=3574"}],"wp:term":[{"taxonomy":"category","embeddable":true,"href":"https:\/\/www.radiopresidenteibanez.cl\/web\/wp-json\/wp\/v2\/categories?post=3574"},{"taxonomy":"post_tag","embeddable":true,"href":"https:\/\/www.radiopresidenteibanez.cl\/web\/wp-json\/wp\/v2\/tags?post=3574"}],"curies":[{"name":"wp","href":"https:\/\/api.w.org\/{rel}","templated":true}]}}