{"id":35739,"date":"2022-12-19T19:53:00","date_gmt":"2022-12-19T22:53:00","guid":{"rendered":"https:\/\/www.radiopresidenteibanez.cl\/web\/?p=35739"},"modified":"2022-12-19T11:34:02","modified_gmt":"2022-12-19T14:34:02","slug":"en-recta-final-plan-maestro-de-movilidad-para-punta-arenas","status":"publish","type":"post","link":"https:\/\/www.radiopresidenteibanez.cl\/web\/en-recta-final-plan-maestro-de-movilidad-para-punta-arenas\/","title":{"rendered":"En recta final Plan Maestro de Movilidad para Punta Arenas"},"content":{"rendered":"\n<p>\u201cEs un cambio de paradigma\u201d. \u201cEs otra forma de ver la ciudad\u201d. Estas son frases que describen el trabajo<br>que viene desarrollando el Programa de Vialidad y Transporte Urbano (SECTRA), desde que se realiz\u00f3 la<br>Encuesta Origen Destino en la ciudad de Punta Arenas en 2019. Y es que la actualizaci\u00f3n del Plan Maestro<br>de Transporte y Movilidad para la comuna va a proponer una serie de proyectos y estrategias que<br>cambiar\u00e1n la forma en que nos movemos por la capital regional.<br>En ese contexto, se realiz\u00f3 el 6to. Taller de Participaci\u00f3n Multisectorial, con la finalidad presentar la<br>propuesta del plan proyectado al a\u00f1o 2030 y para recoger las opiniones de todos los participantes respecto<br>a \u00e9ste. \u201cEs una propuesta multi modal, vale decir, pensada en el transporte p\u00fablico, el transporte privado<br>(veh\u00edculos particulares), en el transporte de carga, en los peatones y en los ciclistas\u201d, se\u00f1al\u00f3 el coordinador<br>de Sectra Austral \u00cdtalo San N\u00edcolo Bisso.<br>La cartera de proyectos que se entregar\u00e1, debe ser t\u00e9cnicamente factible y socialmente rentable,<br>desarrollando los pre dise\u00f1os de los proyectos del plan, incluyendo los estudios de base necesarios para su<br>ejecuci\u00f3n. \u201cLo que hoy entregamos fue una propuesta de priorizaci\u00f3n de proyectos que va en tres l\u00edneas de<br>trabajo: una de infraestructura, una de transporte p\u00fablico y una que hemos denominado \u2018movilidad<br>integrada\u2019\u201d, explic\u00f3 San N\u00edcolo.<br>En materia de infraestructura hay proyectos asociados a facilidades expl\u00edcitas al transporte p\u00fablico mayor y<br>menor, como por ejemplo dotar a la ciudad de pistas exclusivas para para su circulaci\u00f3n. En el \u00e1mbito de<br>movilidad integrada, se dise\u00f1\u00f3 una intervenci\u00f3n completa del sector centro, con el objetivo de favorecer el<br>desplazamiento peatonal, eliminando los estacionamientos, aumentando el ancho de las aceras,<br>transformando el centro en una zona real de tr\u00e1fico calmado.<br>\u201cEste trabajo est\u00e1 basado en los datos que entreg\u00f3 la comunidad en la Encuesta Origen Destino y en el<br>diagn\u00f3stico que eman\u00f3 del estudio de datos. Entre 2005 y 2019 aumentaron en 300% los viajes en<br>veh\u00edculos particulares y bajaron a 13% los viajes a pie. Es insostenible continuar con esta tendencia\u201d,<br>sostuvo el seremi de Transportes y Telecomunicaciones Rodrigo Hern\u00e1ndez Navarro. Agreg\u00f3 que por lo<br>anterior es que se ve con urgencia la necesidad de adoptar las medidas que sean necesarias para mejorar la<br>movilidad y con ello la calidad de vida de nuestra comunidad.<br>\u201cNosotros estamos muy alineados con este plan, porque apunta a un cambio de c\u00f3mo vemos la ciudad en<br>t\u00e9rminos de movilidad. Tenemos que entender que tenemos cifras que son preocupantes y necesario hacer<br>algo en este momento y esto es una carta de navegaci\u00f3n que nos apunta en esa direcci\u00f3n y por eso<br>necesitamos el compromiso de todas las entidades que estamos haciendo desarrollo urbano\u201d, se\u00f1al\u00f3 por<br>su parte el director de Tr\u00e1nsito del municipio de Punta Arenas Marcel Berm\u00fadez.<br>Con esto coincidi\u00f3 Hern\u00e1ndez. \u201cVemos con urgencia la necesidad de adoptar las medidas que sean<br>necesarias para mejorar la movilidad y con ello la calidad de vida de nuestra comunidad. La cartera de<br>proyectos que resulte del estudio, ser\u00e1 entregada al Gobierno Regional, al municipio y al Servicio de<br>Vivienda y Urbanizaci\u00f3n, ya que todos somos organismos llamados a trabajar en conjunto para elevar el<br>est\u00e1ndar de vida en nuestra capital regional\u00bb.<\/p>\n","protected":false},"excerpt":{"rendered":"<p>\u201cEs un cambio de paradigma\u201d. \u201cEs otra forma de ver la ciudad\u201d. Estas son frases que describen el trabajoque viene desarrollando el Programa de Vialidad y Transporte Urbano (SECTRA), desde&#8230; <a class=\"read-more\" href=\"https:\/\/www.radiopresidenteibanez.cl\/web\/en-recta-final-plan-maestro-de-movilidad-para-punta-arenas\/\">Leer m\u00e1s<\/a><\/p>\n","protected":false},"author":2,"featured_media":35740,"comment_status":"closed","ping_status":"closed","sticky":false,"template":"","format":"standard","meta":{"footnotes":""},"categories":[1],"tags":[],"class_list":["post-35739","post","type-post","status-publish","format-standard","has-post-thumbnail","hentry","category-cronica"],"_links":{"self":[{"href":"https:\/\/www.radiopresidenteibanez.cl\/web\/wp-json\/wp\/v2\/posts\/35739","targetHints":{"allow":["GET"]}}],"collection":[{"href":"https:\/\/www.radiopresidenteibanez.cl\/web\/wp-json\/wp\/v2\/posts"}],"about":[{"href":"https:\/\/www.radiopresidenteibanez.cl\/web\/wp-json\/wp\/v2\/types\/post"}],"author":[{"embeddable":true,"href":"https:\/\/www.radiopresidenteibanez.cl\/web\/wp-json\/wp\/v2\/users\/2"}],"replies":[{"embeddable":true,"href":"https:\/\/www.radiopresidenteibanez.cl\/web\/wp-json\/wp\/v2\/comments?post=35739"}],"version-history":[{"count":0,"href":"https:\/\/www.radiopresidenteibanez.cl\/web\/wp-json\/wp\/v2\/posts\/35739\/revisions"}],"wp:featuredmedia":[{"embeddable":true,"href":"https:\/\/www.radiopresidenteibanez.cl\/web\/wp-json\/wp\/v2\/media\/35740"}],"wp:attachment":[{"href":"https:\/\/www.radiopresidenteibanez.cl\/web\/wp-json\/wp\/v2\/media?parent=35739"}],"wp:term":[{"taxonomy":"category","embeddable":true,"href":"https:\/\/www.radiopresidenteibanez.cl\/web\/wp-json\/wp\/v2\/categories?post=35739"},{"taxonomy":"post_tag","embeddable":true,"href":"https:\/\/www.radiopresidenteibanez.cl\/web\/wp-json\/wp\/v2\/tags?post=35739"}],"curies":[{"name":"wp","href":"https:\/\/api.w.org\/{rel}","templated":true}]}}