{"id":35727,"date":"2022-12-19T15:13:00","date_gmt":"2022-12-19T18:13:00","guid":{"rendered":"https:\/\/www.radiopresidenteibanez.cl\/web\/?p=35727"},"modified":"2022-12-19T11:15:43","modified_gmt":"2022-12-19T14:15:43","slug":"minga-austral-recorrera-cuatro-localidades-gracias-al-programa-de-artes-escenicas-itinerantes-regionales","status":"publish","type":"post","link":"https:\/\/www.radiopresidenteibanez.cl\/web\/minga-austral-recorrera-cuatro-localidades-gracias-al-programa-de-artes-escenicas-itinerantes-regionales\/","title":{"rendered":"<strong>Minga Austral recorrer\u00e1 cuatro localidades gracias al Programa de Artes Esc\u00e9nicas Itinerantes Regionales<\/strong>"},"content":{"rendered":"\n<p>El proyecto Minga Austral, experiencias de artes esc\u00e9nicas en espacios no convencionales, cumplir\u00e1 el a\u00f1o 2023 una segunda edici\u00f3n. La propuesta, que recorre diferentes localidades de la regi\u00f3n de Magallanes, fue una de las iniciativas beneficiadas por el Programa de Artes Esc\u00e9nicas Itinerantes Regionales, fondo del Ministerio de las Culturas, las Artes y el Patrimonio.<\/p>\n\n\n\n<p>\u201cEste programa permite difundir el trabajo de artistas regionales en los diferentes territorios, conectarlos con las audiencias y descentralizar la oferta art\u00edstico cultural. Adem\u00e1s, estamos fomentando la empleabilidad de los agentes culturales locales\u201d, dijo el Seremi de las Culturas, Diego Garc\u00eda.<\/p>\n\n\n\n<p>Minga Austral, desarrollada por los elencos teatrales La \u00daltima y la Canalla, recibir\u00e1 financiamiento por 15 millones de pesos. Este apoyo le permitir\u00e1 llegar, a partir del primer semestre del pr\u00f3ximo a\u00f1o, a las localidades de Villa Tehuelches, Puerto Ed\u00e9n, Puerto Natales y Puerto Williams. Su oferta, a diferencia de la versi\u00f3n del 2022, ser\u00e1 m\u00e1s amplia. Adem\u00e1s del teatro, sumar\u00e1 las disciplinas de danza, circo y narraci\u00f3n oral.<\/p>\n\n\n\n<p>\u201cAmbas versiones de este proyecto han sido financiadas por el Fondo Nacional de Fomento de Artes Esc\u00e9nicas del Ministerio de las Culturas, en su l\u00ednea de circulaci\u00f3n regional y nos ha posibilitado mostrar creaciones de artistas locales, que es uno de los objetivos de Minga Austral. En esta segunda edici\u00f3n se suman al teatro otras disciplinas de las artes esc\u00e9nicas\u201d, coment\u00f3 la actriz Andrea Pereda, productora general de Minga Austral, junto con manifestar su satisfacci\u00f3n por el financiamiento obtenido.<\/p>\n\n\n\n<p><strong>Artes esc\u00e9nicas itinerantes<\/strong><\/p>\n\n\n\n<p>El Programa de Artes Esc\u00e9nicas Itinerantes Regionales apunta a dinamizar la oferta cultural en los distintos territorios, fomentando la vinculaci\u00f3n de los p\u00fablicos y comunidades con los artistas esc\u00e9nicos y sus obras a nivel local. Adem\u00e1s de promover la asociatividad del sector dentro de sus propias regiones de residencia.<\/p>\n\n\n\n<p>La nueva edici\u00f3n de esta l\u00ednea de apoyo financiar\u00e1 un total de 16 proyectos de compa\u00f1\u00edas y artistas de diferentes localidades de todo el pa\u00eds, los que durante el primer semestre de 2023 ofrecer\u00e1n un total de 153 funciones de teatro, danza, circo, narraci\u00f3n oral, \u00f3pera y t\u00edteres, acortando as\u00ed las brechas territoriales en la participaci\u00f3n cultural, especialmente en zonas que cuentan con baja oferta de este tipo de programaci\u00f3n.<\/p>\n\n\n\n<p>Por otro lado, el programa permitir\u00e1 promover la asociatividad entre creadores y agentes dentro de sus propias regiones de residencia, generando al mismo tiempo empleo para 561 artistas que participar\u00e1n de las distintas itinerancias.<\/p>\n\n\n\n<p>Las iniciativas ganadoras se encuentran disponibles en www.fondosdecultura.cl y todas las funciones ser\u00e1n difundidas durante los pr\u00f3ximos meses a trav\u00e9s de la plataforma www.eligecultura.gob.cl y las redes sociales de la Secretar\u00eda Ejecutiva de Artes Esc\u00e9nicas.<\/p>\n","protected":false},"excerpt":{"rendered":"<p>El proyecto Minga Austral, experiencias de artes esc\u00e9nicas en espacios no convencionales, cumplir\u00e1 el a\u00f1o 2023 una segunda edici\u00f3n. La propuesta, que recorre diferentes localidades de la regi\u00f3n de Magallanes,&#8230; <a class=\"read-more\" href=\"https:\/\/www.radiopresidenteibanez.cl\/web\/minga-austral-recorrera-cuatro-localidades-gracias-al-programa-de-artes-escenicas-itinerantes-regionales\/\">Leer m\u00e1s<\/a><\/p>\n","protected":false},"author":2,"featured_media":35728,"comment_status":"closed","ping_status":"closed","sticky":false,"template":"","format":"standard","meta":{"footnotes":""},"categories":[1],"tags":[],"class_list":["post-35727","post","type-post","status-publish","format-standard","has-post-thumbnail","hentry","category-cronica"],"_links":{"self":[{"href":"https:\/\/www.radiopresidenteibanez.cl\/web\/wp-json\/wp\/v2\/posts\/35727","targetHints":{"allow":["GET"]}}],"collection":[{"href":"https:\/\/www.radiopresidenteibanez.cl\/web\/wp-json\/wp\/v2\/posts"}],"about":[{"href":"https:\/\/www.radiopresidenteibanez.cl\/web\/wp-json\/wp\/v2\/types\/post"}],"author":[{"embeddable":true,"href":"https:\/\/www.radiopresidenteibanez.cl\/web\/wp-json\/wp\/v2\/users\/2"}],"replies":[{"embeddable":true,"href":"https:\/\/www.radiopresidenteibanez.cl\/web\/wp-json\/wp\/v2\/comments?post=35727"}],"version-history":[{"count":0,"href":"https:\/\/www.radiopresidenteibanez.cl\/web\/wp-json\/wp\/v2\/posts\/35727\/revisions"}],"wp:featuredmedia":[{"embeddable":true,"href":"https:\/\/www.radiopresidenteibanez.cl\/web\/wp-json\/wp\/v2\/media\/35728"}],"wp:attachment":[{"href":"https:\/\/www.radiopresidenteibanez.cl\/web\/wp-json\/wp\/v2\/media?parent=35727"}],"wp:term":[{"taxonomy":"category","embeddable":true,"href":"https:\/\/www.radiopresidenteibanez.cl\/web\/wp-json\/wp\/v2\/categories?post=35727"},{"taxonomy":"post_tag","embeddable":true,"href":"https:\/\/www.radiopresidenteibanez.cl\/web\/wp-json\/wp\/v2\/tags?post=35727"}],"curies":[{"name":"wp","href":"https:\/\/api.w.org\/{rel}","templated":true}]}}