{"id":3571,"date":"2019-04-21T21:59:35","date_gmt":"2019-04-21T21:59:35","guid":{"rendered":"http:\/\/www.radiopresidenteibanez.cl\/web\/?p=3571"},"modified":"2019-04-21T22:00:19","modified_gmt":"2019-04-21T22:00:19","slug":"cerca-de-4-mil-personas-llegaron-hasta-el-parque-maria-behety-para-la-pascua-del-conejo-organizada-por-el-municipio-de-punta-arenas","status":"publish","type":"post","link":"https:\/\/www.radiopresidenteibanez.cl\/web\/cerca-de-4-mil-personas-llegaron-hasta-el-parque-maria-behety-para-la-pascua-del-conejo-organizada-por-el-municipio-de-punta-arenas\/","title":{"rendered":"CERCA DE 4 MIL PERSONAS LLEGARON HASTA EL PARQUE MAR\u00cdA BEHETY PARA LA PASCUA DEL CONEJO ORGANIZADA POR EL MUNICIPIO DE PUNTA ARENAS"},"content":{"rendered":"\n<p>La animaci\u00f3n del Payaso Polvorita y el show de Chispita junto al T\u00edo Toto, marcaron una jornada llena de Juegos, Bailes, Pinta Caritas y mucha entretenci\u00f3n para toda la familia.<\/p>\n\n\n\n<p>Alrededor de 4 mil personas llegaron hasta el Parque Mar\u00eda Behety de Punta Arenas, para disfrutar de la Pascua del Conejo organizada por la Ilustre Municipalidad de nuestra comuna.<\/p>\n\n\n\n<p>El alcalde Claudio Radonich, agradeci\u00f3 la gran participaci\u00f3n de la familia puntarenense, instancia en la cual pudieron compartir en una linda fiesta al aire libre y disfrutar de todo lo que estaba preparado para ellos.<\/p>\n\n\n\n<p>\u201cEsta es una excusa para poder juntarnos en familia. Hoy es un d\u00eda especial para el mundo cristiano, pero m\u00e1s que eso, es una fiesta de la familia de Punta Arenas\u201d, explic\u00f3.<\/p>\n\n\n\n<p>Adem\u00e1s, Radonich dijo que \u201cestamos muy contentos por la recepci\u00f3n de nuestros vecinos, que han venido en masa, pero en orden, para poder pasarlo bien en familia, con un lindo show, con los juegos y todo lo que preparamos con mucho cari\u00f1o para este d\u00eda\u201d.<\/p>\n\n\n\n<figure class=\"wp-block-image\"><img loading=\"lazy\" decoding=\"async\" width=\"1024\" height=\"520\" src=\"https:\/\/www.radiopresidenteibanez.cl\/web\/wp-content\/uploads\/2019\/04\/DSC_6937-1024x520.jpg\" alt=\"\" class=\"wp-image-3572\" srcset=\"https:\/\/www.radiopresidenteibanez.cl\/web\/wp-content\/uploads\/2019\/04\/DSC_6937-1024x520.jpg 1024w, https:\/\/www.radiopresidenteibanez.cl\/web\/wp-content\/uploads\/2019\/04\/DSC_6937-300x152.jpg 300w, https:\/\/www.radiopresidenteibanez.cl\/web\/wp-content\/uploads\/2019\/04\/DSC_6937-768x390.jpg 768w, https:\/\/www.radiopresidenteibanez.cl\/web\/wp-content\/uploads\/2019\/04\/DSC_6937.jpg 1500w\" sizes=\"auto, (max-width: 1024px) 100vw, 1024px\" \/><\/figure>\n","protected":false},"excerpt":{"rendered":"<p>La animaci\u00f3n del Payaso Polvorita y el show de Chispita junto al T\u00edo Toto, marcaron una jornada llena de Juegos, Bailes, Pinta Caritas y mucha entretenci\u00f3n para toda la familia&#8230;. <a class=\"read-more\" href=\"https:\/\/www.radiopresidenteibanez.cl\/web\/cerca-de-4-mil-personas-llegaron-hasta-el-parque-maria-behety-para-la-pascua-del-conejo-organizada-por-el-municipio-de-punta-arenas\/\">Leer m\u00e1s<\/a><\/p>\n","protected":false},"author":2,"featured_media":3572,"comment_status":"closed","ping_status":"closed","sticky":false,"template":"","format":"standard","meta":{"footnotes":""},"categories":[1],"tags":[],"class_list":["post-3571","post","type-post","status-publish","format-standard","has-post-thumbnail","hentry","category-cronica"],"_links":{"self":[{"href":"https:\/\/www.radiopresidenteibanez.cl\/web\/wp-json\/wp\/v2\/posts\/3571","targetHints":{"allow":["GET"]}}],"collection":[{"href":"https:\/\/www.radiopresidenteibanez.cl\/web\/wp-json\/wp\/v2\/posts"}],"about":[{"href":"https:\/\/www.radiopresidenteibanez.cl\/web\/wp-json\/wp\/v2\/types\/post"}],"author":[{"embeddable":true,"href":"https:\/\/www.radiopresidenteibanez.cl\/web\/wp-json\/wp\/v2\/users\/2"}],"replies":[{"embeddable":true,"href":"https:\/\/www.radiopresidenteibanez.cl\/web\/wp-json\/wp\/v2\/comments?post=3571"}],"version-history":[{"count":0,"href":"https:\/\/www.radiopresidenteibanez.cl\/web\/wp-json\/wp\/v2\/posts\/3571\/revisions"}],"wp:featuredmedia":[{"embeddable":true,"href":"https:\/\/www.radiopresidenteibanez.cl\/web\/wp-json\/wp\/v2\/media\/3572"}],"wp:attachment":[{"href":"https:\/\/www.radiopresidenteibanez.cl\/web\/wp-json\/wp\/v2\/media?parent=3571"}],"wp:term":[{"taxonomy":"category","embeddable":true,"href":"https:\/\/www.radiopresidenteibanez.cl\/web\/wp-json\/wp\/v2\/categories?post=3571"},{"taxonomy":"post_tag","embeddable":true,"href":"https:\/\/www.radiopresidenteibanez.cl\/web\/wp-json\/wp\/v2\/tags?post=3571"}],"curies":[{"name":"wp","href":"https:\/\/api.w.org\/{rel}","templated":true}]}}