{"id":35701,"date":"2022-12-18T16:41:00","date_gmt":"2022-12-18T19:41:00","guid":{"rendered":"https:\/\/www.radiopresidenteibanez.cl\/web\/?p=35701"},"modified":"2022-12-18T13:17:04","modified_gmt":"2022-12-18T16:17:04","slug":"jovenes-de-porvenir-se-manifiestansobre-sus-derechos-a-traves-de-las-artes","status":"publish","type":"post","link":"https:\/\/www.radiopresidenteibanez.cl\/web\/jovenes-de-porvenir-se-manifiestansobre-sus-derechos-a-traves-de-las-artes\/","title":{"rendered":"J\u00f3venes de Porvenir se manifiestan<br>sobre sus derechos a trav\u00e9s de las artes"},"content":{"rendered":"\n<p>J\u00f3venes de Porvenir representaron sus aspiraciones de igualdad de derechos y<br>dignididad de las personas, a trav\u00e9s de las artes. Diecis\u00e9is integrantes del<br>Consejo Consultivo de J\u00f3venes de la OPD (Oficina de Protecci\u00f3n de Derechos de<br>Infancia), liderados por el artista fueguino Estefano Ozuljevich, pintaron el mural<br>\u201cNO + Discriminaci\u00f3n\u201d, en la ciudad capital de la provincia de Tierra del Fuego.<br>La obra pict\u00f3rica, una creaci\u00f3n colectiva y ubicada a un costado de la ruta que<br>une Bah\u00eda Chilota con Porvenir, fue impulsada por la Seremi de las Culturas, las<br>Artes y el Patrimonio, m\u00e1s el apoyo del equipo profesional de la OPD, el INDH<br>(Instituto Nacional de Derechos Humanos) y el municipio de Porvenir.<br>\u201cEste es un trabajo articulado que busca generar espacios para las<br>manifestaciones at\u00edsticas de las y los j\u00f3venes. Este mural es parte de un proceso<br>creativo, que refleja el sentir y percepci\u00f3n de este importante segmento de la<br>poblaci\u00f3n sobre sus derechos al juego, expresi\u00f3n y a la recreaci\u00f3n. Queremos<br>agradecer a quienes se han involucrado y han apoyado esta iniciativa\u201d, dijo el<br>Seremi de las Culturas, Diego Garc\u00eda.<br>La obra pict\u00f3rica, recientemente inaugurada ante la presencia de autoridades<br>locales y con la participaci\u00f3n de sus autores, consider\u00f3 una etapa de<br>planificaci\u00f3n, elaboraci\u00f3n, inspiraci\u00f3n y ejecuci\u00f3n que tard\u00f3 tres meses. El<br>artista Estefano Ozuljevich, gui\u00f3 a los participantes en la t\u00e9cnica del muralismo y<br>el dise\u00f1o colectivo de la obra.<\/p>\n\n\n\n<p>Este proyecto se enmarca en el programa \u201cIniciativas Estrat\u00e9gicas Regionales<br>para la Reactivaci\u00f3n, con Foco en el Fortalecimiento de la Empleabilidad del<br>Sector Cultural\u201d del Ministerio de las Culturas, las Artes y el Patrimonio, y que ha<br>desplegado 35 propuestas de apoyo en Punta Arenas, Natales, Porvenir y Cabo de<br>Hornos.<\/p>\n","protected":false},"excerpt":{"rendered":"<p>J\u00f3venes de Porvenir representaron sus aspiraciones de igualdad de derechos ydignididad de las personas, a trav\u00e9s de las artes. Diecis\u00e9is integrantes delConsejo Consultivo de J\u00f3venes de la OPD (Oficina de&#8230; <a class=\"read-more\" href=\"https:\/\/www.radiopresidenteibanez.cl\/web\/jovenes-de-porvenir-se-manifiestansobre-sus-derechos-a-traves-de-las-artes\/\">Leer m\u00e1s<\/a><\/p>\n","protected":false},"author":2,"featured_media":35702,"comment_status":"closed","ping_status":"closed","sticky":false,"template":"","format":"standard","meta":{"footnotes":""},"categories":[1],"tags":[],"class_list":["post-35701","post","type-post","status-publish","format-standard","has-post-thumbnail","hentry","category-cronica"],"_links":{"self":[{"href":"https:\/\/www.radiopresidenteibanez.cl\/web\/wp-json\/wp\/v2\/posts\/35701","targetHints":{"allow":["GET"]}}],"collection":[{"href":"https:\/\/www.radiopresidenteibanez.cl\/web\/wp-json\/wp\/v2\/posts"}],"about":[{"href":"https:\/\/www.radiopresidenteibanez.cl\/web\/wp-json\/wp\/v2\/types\/post"}],"author":[{"embeddable":true,"href":"https:\/\/www.radiopresidenteibanez.cl\/web\/wp-json\/wp\/v2\/users\/2"}],"replies":[{"embeddable":true,"href":"https:\/\/www.radiopresidenteibanez.cl\/web\/wp-json\/wp\/v2\/comments?post=35701"}],"version-history":[{"count":0,"href":"https:\/\/www.radiopresidenteibanez.cl\/web\/wp-json\/wp\/v2\/posts\/35701\/revisions"}],"wp:featuredmedia":[{"embeddable":true,"href":"https:\/\/www.radiopresidenteibanez.cl\/web\/wp-json\/wp\/v2\/media\/35702"}],"wp:attachment":[{"href":"https:\/\/www.radiopresidenteibanez.cl\/web\/wp-json\/wp\/v2\/media?parent=35701"}],"wp:term":[{"taxonomy":"category","embeddable":true,"href":"https:\/\/www.radiopresidenteibanez.cl\/web\/wp-json\/wp\/v2\/categories?post=35701"},{"taxonomy":"post_tag","embeddable":true,"href":"https:\/\/www.radiopresidenteibanez.cl\/web\/wp-json\/wp\/v2\/tags?post=35701"}],"curies":[{"name":"wp","href":"https:\/\/api.w.org\/{rel}","templated":true}]}}