{"id":35698,"date":"2022-12-18T15:39:00","date_gmt":"2022-12-18T18:39:00","guid":{"rendered":"https:\/\/www.radiopresidenteibanez.cl\/web\/?p=35698"},"modified":"2022-12-18T13:14:47","modified_gmt":"2022-12-18T16:14:47","slug":"familias-de-punta-arenas-llegaron-hasta-el-parque-maria-behety-a-recibir-regalos-de-navidad-para-los-mas-pequenos","status":"publish","type":"post","link":"https:\/\/www.radiopresidenteibanez.cl\/web\/familias-de-punta-arenas-llegaron-hasta-el-parque-maria-behety-a-recibir-regalos-de-navidad-para-los-mas-pequenos\/","title":{"rendered":"<strong>Familias de Punta Arenas llegaron hasta el Parque Mar\u00eda Behety a recibir regalos de navidad para los m\u00e1s peque\u00f1os<\/strong>"},"content":{"rendered":"\n<p>Con un show art\u00edstico y musical, el Parque Mar\u00eda Behety se visti\u00f3 de fiesta para recibir a las familias de Punta Arenas que llegaron a recibir los regalos de los m\u00e1s peque\u00f1os de la casa.<br>M\u00e1s de 5 mil ni\u00f1as y ni\u00f1os entre 0 y 10 a\u00f1os fueron beneficiados este 2022, en que el Municipio de Punta Arenas, a trav\u00e9s de la Direcci\u00f3n de Desarrollo Comunitario, organiz\u00f3 una gran fiesta con animaci\u00f3n, m\u00fasica, concursos y puntos fotogr\u00e1ficos para que los m\u00e1s peque\u00f1os pudieran disfrutar luego de dos a\u00f1os de pandemia.<br>\u201cTodo con orden, con un show tambi\u00e9n. Est\u00e1bamos preocupados por el viento que menos mal que amain\u00f3 durante la noche. Y lo que buscamos es reencontrarnos en un lugar p\u00fablico. Todos los regalos son elegidos con mucho cari\u00f1o, porque son para diferentes edades\u201d, afirm\u00f3 el alcalde de Punta Arenas, Claudio Radonich.<br>Los asistentes valoraron la posibilidad de volver a disfrutar de un show navide\u00f1o en familia. \u201cEs muy bonito, cantan bien. Y esto ayuda a los ni\u00f1os que necesitan cosas\u201d, indic\u00f3 Constanza Montiel de 8 a\u00f1os de edad.<br>Millaray Concha, tambi\u00e9n de 8 a\u00f1os de edad, se\u00f1al\u00f3 que \u201cse siente bien venir ac\u00e1 porque puedes venir a buscar regalos antes, para la familia, para tus hermanos\u201d.<br>\u201cMe parece s\u00faper bien para los ni\u00f1os, porque ellos lo disfrutan m\u00e1s que uno la navidad. Siempre he pensado que la navidad es para los ni\u00f1os\u201d, afirm\u00f3 Francesca Fern\u00e1ndez, quien asisti\u00f3 con su hijo y su hija a retirar los regalos.<br>Finalmente, Jessenia Vargas, quien asisti\u00f3 con su hija Florencia, de 4 a\u00f1os, indic\u00f3 que \u201cme parece s\u00faper lindo para los ni\u00f1os. Este a\u00f1o igual es un a\u00f1o distinto que podemos hacerlo al aire libre, as\u00ed que un agradecimiento a la Municipalidad por todo esto tan lindo, traer estos corp\u00f3reos as\u00ed que s\u00faper bien, me parece una muy bonita actividad\u201d.<br>Por medio de esta iniciativa se busca entregar un momento de entretenci\u00f3n y felicidad para los ni\u00f1os y ni\u00f1as de Punta Arenas.<br>La entrega de regalos contin\u00faa este lunes, a las 18.30 horas, en la escuela Elba Ojeda, para los ni\u00f1os y ni\u00f1as del sector de R\u00edo Seco.<\/p>\n\n\n\n<p>Adem\u00e1s, quienes no pudieron asistir a la entrega este s\u00e1bado, podr\u00e1n retirar los regalos el pr\u00f3ximo martes 20 de diciembre, mi\u00e9rcoles 21 de diciembre y jueves 22 de diciembre, en calle Covadonga 063, de 08:30 a 12:30 y de 14:30 a 17 horas.<\/p>\n","protected":false},"excerpt":{"rendered":"<p>Con un show art\u00edstico y musical, el Parque Mar\u00eda Behety se visti\u00f3 de fiesta para recibir a las familias de Punta Arenas que llegaron a recibir los regalos de los&#8230; <a class=\"read-more\" href=\"https:\/\/www.radiopresidenteibanez.cl\/web\/familias-de-punta-arenas-llegaron-hasta-el-parque-maria-behety-a-recibir-regalos-de-navidad-para-los-mas-pequenos\/\">Leer m\u00e1s<\/a><\/p>\n","protected":false},"author":2,"featured_media":35699,"comment_status":"closed","ping_status":"closed","sticky":false,"template":"","format":"standard","meta":{"footnotes":""},"categories":[1],"tags":[],"class_list":["post-35698","post","type-post","status-publish","format-standard","has-post-thumbnail","hentry","category-cronica"],"_links":{"self":[{"href":"https:\/\/www.radiopresidenteibanez.cl\/web\/wp-json\/wp\/v2\/posts\/35698","targetHints":{"allow":["GET"]}}],"collection":[{"href":"https:\/\/www.radiopresidenteibanez.cl\/web\/wp-json\/wp\/v2\/posts"}],"about":[{"href":"https:\/\/www.radiopresidenteibanez.cl\/web\/wp-json\/wp\/v2\/types\/post"}],"author":[{"embeddable":true,"href":"https:\/\/www.radiopresidenteibanez.cl\/web\/wp-json\/wp\/v2\/users\/2"}],"replies":[{"embeddable":true,"href":"https:\/\/www.radiopresidenteibanez.cl\/web\/wp-json\/wp\/v2\/comments?post=35698"}],"version-history":[{"count":0,"href":"https:\/\/www.radiopresidenteibanez.cl\/web\/wp-json\/wp\/v2\/posts\/35698\/revisions"}],"wp:featuredmedia":[{"embeddable":true,"href":"https:\/\/www.radiopresidenteibanez.cl\/web\/wp-json\/wp\/v2\/media\/35699"}],"wp:attachment":[{"href":"https:\/\/www.radiopresidenteibanez.cl\/web\/wp-json\/wp\/v2\/media?parent=35698"}],"wp:term":[{"taxonomy":"category","embeddable":true,"href":"https:\/\/www.radiopresidenteibanez.cl\/web\/wp-json\/wp\/v2\/categories?post=35698"},{"taxonomy":"post_tag","embeddable":true,"href":"https:\/\/www.radiopresidenteibanez.cl\/web\/wp-json\/wp\/v2\/tags?post=35698"}],"curies":[{"name":"wp","href":"https:\/\/api.w.org\/{rel}","templated":true}]}}